{"id":3209,"date":"2020-09-14T19:04:55","date_gmt":"2020-09-14T22:04:55","guid":{"rendered":"https:\/\/www.magazineimagentotal.cl\/sitio\/?p=3209"},"modified":"2020-09-14T19:04:56","modified_gmt":"2020-09-14T22:04:56","slug":"siempre-a-la-vanguardia-entrevista-a-silvia-saladino","status":"publish","type":"post","link":"https:\/\/www.magazineimagentotal.cl\/sitio\/siempre-a-la-vanguardia-entrevista-a-silvia-saladino\/","title":{"rendered":"Siempre a la vanguardia Entrevista a Silvia Saladino"},"content":{"rendered":"\n<p class=\"has-text-color has-very-dark-gray-color\">Desde muy ni\u00f1a se inici\u00f3 en su pa\u00eds de nacimiento, Argentina, en el arte de la peluquer\u00eda.<br>Tiene m\u00e1s de 30 a\u00f1os dedicados a esta profesi\u00f3n que ama.<br>Siempre vigente y preocupada por brindar a sus clientas las mejores opciones en sus cabelleras respetando su belleza y salud, ante todo.<br>En esta entrevista, Silvia Saladino te invita a conocer un poco m\u00e1s de su d\u00eda a d\u00eda en la peluquer\u00eda. \u00a1Desc\u00fabrelo!<\/p>\n\n\n\n<div class=\"wp-block-image\"><figure class=\"aligncenter size-large is-resized\"><img  loading=\"lazy\"  decoding=\"async\"  src=\"data:image\/png;base64,iVBORw0KGgoAAAANSUhEUgAAAAEAAAABAQMAAAAl21bKAAAAA1BMVEUAAP+KeNJXAAAAAXRSTlMAQObYZgAAAAlwSFlzAAAOxAAADsQBlSsOGwAAAApJREFUCNdjYAAAAAIAAeIhvDMAAAAASUVORK5CYII=\"  alt=\"\"  class=\"wp-image-3212 pk-lazyload\"  width=\"368\"  height=\"654\"  data-pk-sizes=\"auto\"  data-ls-sizes=\"auto, (max-width: 368px) 100vw, 368px\"  data-pk-src=\"https:\/\/www.magazineimagentotal.cl\/sitio\/wp-content\/uploads\/2020\/09\/FOTO-SALADINO-3.jpeg\"  data-pk-srcset=\"https:\/\/www.magazineimagentotal.cl\/sitio\/wp-content\/uploads\/2020\/09\/FOTO-SALADINO-3.jpeg 720w, https:\/\/www.magazineimagentotal.cl\/sitio\/wp-content\/uploads\/2020\/09\/FOTO-SALADINO-3-120x213.jpeg 120w, https:\/\/www.magazineimagentotal.cl\/sitio\/wp-content\/uploads\/2020\/09\/FOTO-SALADINO-3-90x160.jpeg 90w, https:\/\/www.magazineimagentotal.cl\/sitio\/wp-content\/uploads\/2020\/09\/FOTO-SALADINO-3-320x569.jpeg 320w, https:\/\/www.magazineimagentotal.cl\/sitio\/wp-content\/uploads\/2020\/09\/FOTO-SALADINO-3-560x996.jpeg 560w\" ><\/figure><\/div>\n\n\n\n<p class=\"has-text-color has-very-dark-gray-color\"><strong>\u2013 \u00bfQu\u00e9 diferencias encuentra en la peluquer\u00eda de sus inicios y la de hoy en d\u00eda?<br><\/strong>La gran diferencia es la tecnolog\u00eda utilizada, tanto en los productos como en las herramientas.<\/p>\n\n\n\n<p class=\"has-text-color has-very-dark-gray-color\"><strong>\u2013 \u00bfCu\u00e1l es el premio que m\u00e1s aprecia? \u00bfPor qu\u00e9?<br><\/strong>M\u00e1s que premio es el honor de que uno de mis trabajos est\u00e9 plasmado en la Casa de las Naciones en Par\u00eds, Francia, sede mundial de Intercoiffure. Tambi\u00e9n me enorgullezco de mi condecoraci\u00f3n como creadora de modas entregado en la sede mundial de la instituci\u00f3n en el 2011.<\/p>\n\n\n\n<p class=\"has-text-color has-very-dark-gray-color\"><strong>\u2013 \u00bfQui\u00e9nes son sus referentes?<br><\/strong>Mis referentes son Coty de Moreno, Flavio Orsini y Alexander de Par\u00eds.<\/p>\n\n\n\n<p class=\"has-text-color has-very-dark-gray-color\"><strong>\u2013 \u00bfCu\u00e1l es su pasi\u00f3n en la profesi\u00f3n?<br><\/strong>Me apasiona el oficio en general.<\/p>\n\n\n\n<p class=\"has-text-color has-very-dark-gray-color\"><strong>\u2013 \u00bfQu\u00e9 es lo que siente cuando una clienta se sienta por primera vez en su sill\u00f3n?<br><\/strong>Siento la responsabilidad y el desaf\u00edo de lo que esa clienta quiere y necesita lucir.<\/p>\n\n\n\n<p class=\"has-text-color has-very-dark-gray-color\"><strong>\u2013 \u00bfPor qu\u00e9 cree que sus clientas la siguen eligiendo a trav\u00e9s de los a\u00f1os?<br><\/strong>Creo que es por la pasi\u00f3n, el cari\u00f1o y la capacitaci\u00f3n constante que les brindo.<\/p>\n\n\n\n<p class=\"has-text-color has-very-dark-gray-color\"><strong>\u2013 \u00bfQu\u00e9 es lo que m\u00e1s ama de las presentaciones en el escenario?<br><\/strong>Amo la adrenalina de primero dise\u00f1ar, proyectar y luego realizar los que me imagino sobre el escenario.<\/p>\n\n\n\n<p class=\"has-text-color has-very-dark-gray-color\"><strong>\u2013 \u00bfCu\u00e1les son las caracter\u00edsticas que debe tener un peluquero para destacarse?<br><\/strong>Las caracter\u00edsticas son: profesionalismo, capacidad y destreza.<\/p>\n\n\n\n<p class=\"has-text-color has-very-dark-gray-color\"><strong>\u2013 \u00bfCu\u00e1l es la tendencia para la nueva temporada en corte y coloraci\u00f3n?<br><\/strong>Para esta temporada se llevar\u00e1n los cabellos libres, desenfadados y de m\u00faltiples colores.<\/p>\n\n\n\n<p class=\"has-text-color has-very-dark-gray-color\"><strong>\u2013 \u00bfC\u00f3mo se sinti\u00f3 al inaugurar el sal\u00f3n luego de un momento tan complicado para todos los ciudadanos del mundo?<br><\/strong>Realmente me sent\u00ed muy feliz del reencuentro despu\u00e9s de una larga cuarentena.<\/p>\n\n\n\n<p class=\"has-text-color has-very-dark-gray-color\"><strong>\u2013 Protocolos de bioseguridad.<br><\/strong>Nuestros protocolos han sido los mismos de siempre, solo que ahora los hemos tenido que hacer visibles: sanitizaci\u00f3n, separadores acr\u00edlicos, dispensadores de alcohol en gel, capas y toallas desechables. Lo m\u00e1s dif\u00edcil ha sido el tener que mantener el distanciamiento porque nuestro servicio es casi de piel.<\/p>\n\n\n\n<p class=\"has-text-color has-very-dark-gray-color\"><strong>\u2013 \u00bfC\u00f3mo la recibieron sus clientes?<br><\/strong>Felices por el reencuentro. Solo existe la pena por no poder saludarnos con los abrazos como era siempre.<\/p>\n\n\n\n<p class=\"has-text-color has-very-dark-gray-color\"><br><strong>\u2013 \u00bfCu\u00e1l es el diferencial que le brinda a sus clientas en el sal\u00f3n?<br><\/strong>Profesionalismo y responsabilidad al brindar el servicio de forma correcta con una gran dosis de amistad, cari\u00f1o y respeto, creando el ambiente propicio para el buen desarrollo de mi atenci\u00f3n.<\/p>\n\n\n\n<p class=\"has-text-color has-very-dark-gray-color\"><strong>\u2013 \u00bfProyectos para el futuro?<br><\/strong>Los proyectos son estar siempre a la vanguardia sobre todos, pensando en la posibilidad que nos da nuestra instituci\u00f3n, Intercoiffure, de capacitarnos y viajar a los centros de la moda.<\/p>\n\n\n\n<figure class=\"wp-block-gallery aligncenter columns-3 is-cropped wp-block-gallery-1 is-layout-flex wp-block-gallery-is-layout-flex\"><ul class=\"blocks-gallery-grid\"><li class=\"blocks-gallery-item\"><figure><img  loading=\"lazy\"  decoding=\"async\"  width=\"853\"  height=\"1280\"  src=\"data:image\/png;base64,iVBORw0KGgoAAAANSUhEUgAAAAEAAAABAQMAAAAl21bKAAAAA1BMVEUAAP+KeNJXAAAAAXRSTlMAQObYZgAAAAlwSFlzAAAOxAAADsQBlSsOGwAAAApJREFUCNdjYAAAAAIAAeIhvDMAAAAASUVORK5CYII=\"  alt=\"\"  data-id=\"3210\"  data-full-url=\"https:\/\/www.magazineimagentotal.cl\/sitio\/wp-content\/uploads\/2020\/09\/FOTO-SALADINO-1.jpeg\"  data-link=\"https:\/\/www.magazineimagentotal.cl\/sitio\/?attachment_id=3210\"  class=\"wp-image-3210 pk-lazyload\"  data-pk-sizes=\"auto\"  data-ls-sizes=\"auto, (max-width: 853px) 100vw, 853px\"  data-pk-src=\"https:\/\/www.magazineimagentotal.cl\/sitio\/wp-content\/uploads\/2020\/09\/FOTO-SALADINO-1.jpeg\"  data-pk-srcset=\"https:\/\/www.magazineimagentotal.cl\/sitio\/wp-content\/uploads\/2020\/09\/FOTO-SALADINO-1.jpeg 853w, https:\/\/www.magazineimagentotal.cl\/sitio\/wp-content\/uploads\/2020\/09\/FOTO-SALADINO-1-800x1200.jpeg 800w, https:\/\/www.magazineimagentotal.cl\/sitio\/wp-content\/uploads\/2020\/09\/FOTO-SALADINO-1-120x180.jpeg 120w, https:\/\/www.magazineimagentotal.cl\/sitio\/wp-content\/uploads\/2020\/09\/FOTO-SALADINO-1-90x135.jpeg 90w, https:\/\/www.magazineimagentotal.cl\/sitio\/wp-content\/uploads\/2020\/09\/FOTO-SALADINO-1-320x480.jpeg 320w, https:\/\/www.magazineimagentotal.cl\/sitio\/wp-content\/uploads\/2020\/09\/FOTO-SALADINO-1-560x840.jpeg 560w\" ><\/figure><\/li><li class=\"blocks-gallery-item\"><figure><img  loading=\"lazy\"  decoding=\"async\"  width=\"1075\"  height=\"1055\"  src=\"data:image\/png;base64,iVBORw0KGgoAAAANSUhEUgAAAAEAAAABAQMAAAAl21bKAAAAA1BMVEUAAP+KeNJXAAAAAXRSTlMAQObYZgAAAAlwSFlzAAAOxAAADsQBlSsOGwAAAApJREFUCNdjYAAAAAIAAeIhvDMAAAAASUVORK5CYII=\"  alt=\"\"  data-id=\"3215\"  data-full-url=\"https:\/\/www.magazineimagentotal.cl\/sitio\/wp-content\/uploads\/2020\/09\/FOTO-SALADINO-6.jpeg\"  data-link=\"https:\/\/www.magazineimagentotal.cl\/sitio\/?attachment_id=3215\"  class=\"wp-image-3215 pk-lazyload\"  data-pk-sizes=\"auto\"  data-ls-sizes=\"auto, (max-width: 1075px) 100vw, 1075px\"  data-pk-src=\"https:\/\/www.magazineimagentotal.cl\/sitio\/wp-content\/uploads\/2020\/09\/FOTO-SALADINO-6.jpeg\"  data-pk-srcset=\"https:\/\/www.magazineimagentotal.cl\/sitio\/wp-content\/uploads\/2020\/09\/FOTO-SALADINO-6.jpeg 1075w, https:\/\/www.magazineimagentotal.cl\/sitio\/wp-content\/uploads\/2020\/09\/FOTO-SALADINO-6-800x785.jpeg 800w, https:\/\/www.magazineimagentotal.cl\/sitio\/wp-content\/uploads\/2020\/09\/FOTO-SALADINO-6-80x80.jpeg 80w, https:\/\/www.magazineimagentotal.cl\/sitio\/wp-content\/uploads\/2020\/09\/FOTO-SALADINO-6-120x118.jpeg 120w, https:\/\/www.magazineimagentotal.cl\/sitio\/wp-content\/uploads\/2020\/09\/FOTO-SALADINO-6-90x88.jpeg 90w, https:\/\/www.magazineimagentotal.cl\/sitio\/wp-content\/uploads\/2020\/09\/FOTO-SALADINO-6-320x314.jpeg 320w, https:\/\/www.magazineimagentotal.cl\/sitio\/wp-content\/uploads\/2020\/09\/FOTO-SALADINO-6-560x550.jpeg 560w\" ><\/figure><\/li><li class=\"blocks-gallery-item\"><figure><img  loading=\"lazy\"  decoding=\"async\"  width=\"1066\"  height=\"1066\"  src=\"data:image\/png;base64,iVBORw0KGgoAAAANSUhEUgAAAAEAAAABAQMAAAAl21bKAAAAA1BMVEUAAP+KeNJXAAAAAXRSTlMAQObYZgAAAAlwSFlzAAAOxAAADsQBlSsOGwAAAApJREFUCNdjYAAAAAIAAeIhvDMAAAAASUVORK5CYII=\"  alt=\"\"  data-id=\"3211\"  data-full-url=\"https:\/\/www.magazineimagentotal.cl\/sitio\/wp-content\/uploads\/2020\/09\/FOTO-SALADINO-2.jpeg\"  data-link=\"https:\/\/www.magazineimagentotal.cl\/sitio\/?attachment_id=3211\"  class=\"wp-image-3211 pk-lazyload\"  data-pk-sizes=\"auto\"  data-ls-sizes=\"auto, (max-width: 1066px) 100vw, 1066px\"  data-pk-src=\"https:\/\/www.magazineimagentotal.cl\/sitio\/wp-content\/uploads\/2020\/09\/FOTO-SALADINO-2.jpeg\"  data-pk-srcset=\"https:\/\/www.magazineimagentotal.cl\/sitio\/wp-content\/uploads\/2020\/09\/FOTO-SALADINO-2.jpeg 1066w, https:\/\/www.magazineimagentotal.cl\/sitio\/wp-content\/uploads\/2020\/09\/FOTO-SALADINO-2-800x800.jpeg 800w, https:\/\/www.magazineimagentotal.cl\/sitio\/wp-content\/uploads\/2020\/09\/FOTO-SALADINO-2-80x80.jpeg 80w, https:\/\/www.magazineimagentotal.cl\/sitio\/wp-content\/uploads\/2020\/09\/FOTO-SALADINO-2-120x120.jpeg 120w, https:\/\/www.magazineimagentotal.cl\/sitio\/wp-content\/uploads\/2020\/09\/FOTO-SALADINO-2-90x90.jpeg 90w, https:\/\/www.magazineimagentotal.cl\/sitio\/wp-content\/uploads\/2020\/09\/FOTO-SALADINO-2-320x320.jpeg 320w, https:\/\/www.magazineimagentotal.cl\/sitio\/wp-content\/uploads\/2020\/09\/FOTO-SALADINO-2-560x560.jpeg 560w\" ><\/figure><\/li><li class=\"blocks-gallery-item\"><figure><img  loading=\"lazy\"  decoding=\"async\"  width=\"720\"  height=\"1280\"  src=\"data:image\/png;base64,iVBORw0KGgoAAAANSUhEUgAAAAEAAAABAQMAAAAl21bKAAAAA1BMVEUAAP+KeNJXAAAAAXRSTlMAQObYZgAAAAlwSFlzAAAOxAAADsQBlSsOGwAAAApJREFUCNdjYAAAAAIAAeIhvDMAAAAASUVORK5CYII=\"  alt=\"\"  data-id=\"3213\"  data-full-url=\"https:\/\/www.magazineimagentotal.cl\/sitio\/wp-content\/uploads\/2020\/09\/FOTO-SALADINO-4.jpeg\"  data-link=\"https:\/\/www.magazineimagentotal.cl\/sitio\/?attachment_id=3213\"  class=\"wp-image-3213 pk-lazyload\"  data-pk-sizes=\"auto\"  data-ls-sizes=\"auto, (max-width: 720px) 100vw, 720px\"  data-pk-src=\"https:\/\/www.magazineimagentotal.cl\/sitio\/wp-content\/uploads\/2020\/09\/FOTO-SALADINO-4.jpeg\"  data-pk-srcset=\"https:\/\/www.magazineimagentotal.cl\/sitio\/wp-content\/uploads\/2020\/09\/FOTO-SALADINO-4.jpeg 720w, https:\/\/www.magazineimagentotal.cl\/sitio\/wp-content\/uploads\/2020\/09\/FOTO-SALADINO-4-120x213.jpeg 120w, https:\/\/www.magazineimagentotal.cl\/sitio\/wp-content\/uploads\/2020\/09\/FOTO-SALADINO-4-90x160.jpeg 90w, https:\/\/www.magazineimagentotal.cl\/sitio\/wp-content\/uploads\/2020\/09\/FOTO-SALADINO-4-320x569.jpeg 320w, https:\/\/www.magazineimagentotal.cl\/sitio\/wp-content\/uploads\/2020\/09\/FOTO-SALADINO-4-560x996.jpeg 560w\" ><\/figure><\/li><\/ul><\/figure>\n","protected":false},"excerpt":{"rendered":"<p>Desde muy ni\u00f1a se inici\u00f3 en su pa\u00eds de nacimiento, Argentina, en el arte de la peluquer\u00eda.Tiene m\u00e1s de 30 a\u00f1os dedicados a esta profesi\u00f3n que ama.Siempre vigente y preocupada&hellip;<\/p>\n","protected":false},"author":3,"featured_media":3214,"comment_status":"open","ping_status":"open","sticky":false,"template":"","format":"standard","meta":{"footnotes":""},"categories":[7,8,11],"tags":[],"powerkit_post_featured":[],"class_list":{"0":"post-3209","1":"post","2":"type-post","3":"status-publish","4":"format-standard","5":"has-post-thumbnail","7":"category-actualidad-entrevistas","8":"category-entrevistas","9":"category-peluqueria-colecciones"},"_links":{"self":[{"href":"https:\/\/www.magazineimagentotal.cl\/sitio\/wp-json\/wp\/v2\/posts\/3209","targetHints":{"allow":["GET"]}}],"collection":[{"href":"https:\/\/www.magazineimagentotal.cl\/sitio\/wp-json\/wp\/v2\/posts"}],"about":[{"href":"https:\/\/www.magazineimagentotal.cl\/sitio\/wp-json\/wp\/v2\/types\/post"}],"author":[{"embeddable":true,"href":"https:\/\/www.magazineimagentotal.cl\/sitio\/wp-json\/wp\/v2\/users\/3"}],"replies":[{"embeddable":true,"href":"https:\/\/www.magazineimagentotal.cl\/sitio\/wp-json\/wp\/v2\/comments?post=3209"}],"version-history":[{"count":1,"href":"https:\/\/www.magazineimagentotal.cl\/sitio\/wp-json\/wp\/v2\/posts\/3209\/revisions"}],"predecessor-version":[{"id":3216,"href":"https:\/\/www.magazineimagentotal.cl\/sitio\/wp-json\/wp\/v2\/posts\/3209\/revisions\/3216"}],"wp:featuredmedia":[{"embeddable":true,"href":"https:\/\/www.magazineimagentotal.cl\/sitio\/wp-json\/wp\/v2\/media\/3214"}],"wp:attachment":[{"href":"https:\/\/www.magazineimagentotal.cl\/sitio\/wp-json\/wp\/v2\/media?parent=3209"}],"wp:term":[{"taxonomy":"category","embeddable":true,"href":"https:\/\/www.magazineimagentotal.cl\/sitio\/wp-json\/wp\/v2\/categories?post=3209"},{"taxonomy":"post_tag","embeddable":true,"href":"https:\/\/www.magazineimagentotal.cl\/sitio\/wp-json\/wp\/v2\/tags?post=3209"},{"taxonomy":"powerkit_post_featured","embeddable":true,"href":"https:\/\/www.magazineimagentotal.cl\/sitio\/wp-json\/wp\/v2\/powerkit_post_featured?post=3209"}],"curies":[{"name":"wp","href":"https:\/\/api.w.org\/{rel}","templated":true}]}}