{"id":3229,"date":"2020-09-16T11:56:26","date_gmt":"2020-09-16T14:56:26","guid":{"rendered":"https:\/\/www.magazineimagentotal.cl\/sitio\/?p=3229"},"modified":"2020-09-16T11:58:58","modified_gmt":"2020-09-16T14:58:58","slug":"finalistas-11-a-edicion-premios-figaro","status":"publish","type":"post","link":"https:\/\/www.magazineimagentotal.cl\/sitio\/finalistas-11-a-edicion-premios-figaro\/","title":{"rendered":"Finalistas 11.\u00aa edici\u00f3n Premios F\u00edgaro"},"content":{"rendered":"\n<p class=\"has-text-color has-very-dark-gray-color\">Por tercer a\u00f1o consecutivo, el anuncio de los finalistas de la 11a Edici\u00f3n de los Premios F\u00edgaro se realiz\u00f3 mediante una conexi\u00f3n en directo a trav\u00e9s de internet conducida por V\u00edctor Alonso, miembro de la Junta Directiva de la entidad.<br>Seg\u00fan las distintas ternas, los finalistas de los Premios F\u00edgaro quedaron conformados de la siguiente manera:<br>&gt; <strong>Peluquero Revelaci\u00f3n<\/strong>: Sara Piera-Salones CV (By Carlos Valiente), David Pastor &#8211; Salones CV (By Carlos Valiente) y Javier Gomar.<br>&gt; <strong>Colecci\u00f3n Comercial Masculina<\/strong>: Bernat Sayol-Salones CV (By Carlos Valiente), Christian Rios y Daniel Gallego.<br>&gt; <strong>Colecci\u00f3n Comercial Femenina<\/strong>: Kumenhair, Equipo Creativo SK Style Barcelona y Si\u00ebro.<br>&gt; <strong>Colecci\u00f3n de Vanguardia:<\/strong> Jos\u00e9 Siero-Sile Peluqueros, Kumenhair y X-Presion.<br>&gt; <strong>Peluquero Espa\u00f1ol del A\u00f1o:<\/strong> Alexis Ferrer, Rafael Bueno y Alfonso Martinez.<\/p>\n\n\n\n<p class=\"has-text-color has-very-dark-gray-color\">Los Premios F\u00edgaro se celebrar\u00e1n el pr\u00f3ximo domingo 25 de octubre a las 19:00h. en streaming a trav\u00e9s de la web del Club. Adem\u00e1s, los ganadores de esta edici\u00f3n ser\u00e1n los encargados de abrir la pasarela de la pr\u00f3xima edici\u00f3n de los Premios.<br>La 11a edici\u00f3n de los Premios de la Peluquer\u00eda Espa\u00f1ola es la segunda mejor de la historia de los F\u00edgaro en participaci\u00f3n, con 145 colecciones presentadas por 86 firmas participantes procedentes de 28 provincias distintas. Geogr\u00e1ficamente, la autonom\u00eda que aporta m\u00e1s participaci\u00f3n a los Premios F\u00edgaro es la Comunidad Valenciana, con 32 colecciones en total, seguida de Catalu\u00f1a con 29 propuestas y Andaluc\u00eda con 23.<br>El jurado profesional que vot\u00f3 las colecciones participantes en esta edici\u00f3n est\u00e1 compuesto por Jean-Baptiste Mazella (Francia), Laura Betato (Espa\u00f1a), Mark Leeson (Reino Unido), Miguel Gri\u00f1\u00f3 (Espa\u00f1a) y Sharon Blain (Australia), todos ellos reconocidas personalidades de la peluquer\u00eda nacional e internacional.<br>Las colecciones de los quince finalistas ya pueden visitarse en la p\u00e1gina web de Club F\u00edgaro, <a href=\"https:\/\/www.clubfigaro.com\" target=\"_blank\" rel=\"noreferrer noopener\">www.clubfigaro.com<\/a>, al igual que las del <a href=\"https:\/\/www.clubfigaro.com\/lospremios\/finalistas\" target=\"_blank\" rel=\"noreferrer noopener\">resto de participantes<\/a>.<\/p>\n\n\n\n<figure class=\"wp-block-image size-large\"><img  loading=\"lazy\"  decoding=\"async\"  width=\"1160\"  height=\"696\"  src=\"data:image\/png;base64,iVBORw0KGgoAAAANSUhEUgAABIgAAAK4AQMAAAAlSFQXAAAAA1BMVEUAAP+KeNJXAAAAAXRSTlMAQObYZgAAAAlwSFlzAAAOxAAADsQBlSsOGwAAAHlJREFUeNrtwQENAAAAwqD3T20PBxQAAAAAAAAAAAAAAAAAAAAAAAAAAAAAAAAAAAAAAAAAAAAAAAAAAAAAAAAAAAAAAAAAAAAAAAAAAAAAAAAAAAAAAAAAAAAAAAAAAAAAAAAAAAAAAAAAAAAAAAAAAAAAAAAAAM8GjP8AAVjcsk8AAAAASUVORK5CYII=\"  alt=\"\"  class=\"wp-image-3309 pk-lazyload\"  data-pk-sizes=\"auto\"  data-ls-sizes=\"auto, (max-width: 1160px) 100vw, 1160px\"  data-pk-src=\"https:\/\/www.magazineimagentotal.cl\/sitio\/wp-content\/uploads\/2020\/09\/Finalistas-F\u00edgaro-2020-5-1160x696.jpg\"  data-pk-srcset=\"https:\/\/www.magazineimagentotal.cl\/sitio\/wp-content\/uploads\/2020\/09\/Finalistas-F\u00edgaro-2020-5-1160x696.jpg 1160w, https:\/\/www.magazineimagentotal.cl\/sitio\/wp-content\/uploads\/2020\/09\/Finalistas-F\u00edgaro-2020-5-800x480.jpg 800w, https:\/\/www.magazineimagentotal.cl\/sitio\/wp-content\/uploads\/2020\/09\/Finalistas-F\u00edgaro-2020-5-1536x921.jpg 1536w, https:\/\/www.magazineimagentotal.cl\/sitio\/wp-content\/uploads\/2020\/09\/Finalistas-F\u00edgaro-2020-5-2048x1229.jpg 2048w, https:\/\/www.magazineimagentotal.cl\/sitio\/wp-content\/uploads\/2020\/09\/Finalistas-F\u00edgaro-2020-5-120x72.jpg 120w, https:\/\/www.magazineimagentotal.cl\/sitio\/wp-content\/uploads\/2020\/09\/Finalistas-F\u00edgaro-2020-5-90x54.jpg 90w, https:\/\/www.magazineimagentotal.cl\/sitio\/wp-content\/uploads\/2020\/09\/Finalistas-F\u00edgaro-2020-5-320x192.jpg 320w, https:\/\/www.magazineimagentotal.cl\/sitio\/wp-content\/uploads\/2020\/09\/Finalistas-F\u00edgaro-2020-5-560x336.jpg 560w, https:\/\/www.magazineimagentotal.cl\/sitio\/wp-content\/uploads\/2020\/09\/Finalistas-F\u00edgaro-2020-5-1920x1152.jpg 1920w, https:\/\/www.magazineimagentotal.cl\/sitio\/wp-content\/uploads\/2020\/09\/Finalistas-F\u00edgaro-2020-5-scaled.jpg 2560w\" ><\/figure>\n","protected":false},"excerpt":{"rendered":"<p>Por tercer a\u00f1o consecutivo, el anuncio de los finalistas de la 11a Edici\u00f3n de los Premios F\u00edgaro se realiz\u00f3 mediante una conexi\u00f3n en directo a trav\u00e9s de internet conducida por&hellip;<\/p>\n","protected":false},"author":3,"featured_media":3308,"comment_status":"open","ping_status":"open","sticky":false,"template":"","format":"standard","meta":{"footnotes":""},"categories":[7,12,11],"tags":[],"powerkit_post_featured":[],"class_list":{"0":"post-3229","1":"post","2":"type-post","3":"status-publish","4":"format-standard","5":"has-post-thumbnail","7":"category-actualidad-entrevistas","8":"category-noticias","9":"category-peluqueria-colecciones"},"_links":{"self":[{"href":"https:\/\/www.magazineimagentotal.cl\/sitio\/wp-json\/wp\/v2\/posts\/3229","targetHints":{"allow":["GET"]}}],"collection":[{"href":"https:\/\/www.magazineimagentotal.cl\/sitio\/wp-json\/wp\/v2\/posts"}],"about":[{"href":"https:\/\/www.magazineimagentotal.cl\/sitio\/wp-json\/wp\/v2\/types\/post"}],"author":[{"embeddable":true,"href":"https:\/\/www.magazineimagentotal.cl\/sitio\/wp-json\/wp\/v2\/users\/3"}],"replies":[{"embeddable":true,"href":"https:\/\/www.magazineimagentotal.cl\/sitio\/wp-json\/wp\/v2\/comments?post=3229"}],"version-history":[{"count":3,"href":"https:\/\/www.magazineimagentotal.cl\/sitio\/wp-json\/wp\/v2\/posts\/3229\/revisions"}],"predecessor-version":[{"id":3311,"href":"https:\/\/www.magazineimagentotal.cl\/sitio\/wp-json\/wp\/v2\/posts\/3229\/revisions\/3311"}],"wp:featuredmedia":[{"embeddable":true,"href":"https:\/\/www.magazineimagentotal.cl\/sitio\/wp-json\/wp\/v2\/media\/3308"}],"wp:attachment":[{"href":"https:\/\/www.magazineimagentotal.cl\/sitio\/wp-json\/wp\/v2\/media?parent=3229"}],"wp:term":[{"taxonomy":"category","embeddable":true,"href":"https:\/\/www.magazineimagentotal.cl\/sitio\/wp-json\/wp\/v2\/categories?post=3229"},{"taxonomy":"post_tag","embeddable":true,"href":"https:\/\/www.magazineimagentotal.cl\/sitio\/wp-json\/wp\/v2\/tags?post=3229"},{"taxonomy":"powerkit_post_featured","embeddable":true,"href":"https:\/\/www.magazineimagentotal.cl\/sitio\/wp-json\/wp\/v2\/powerkit_post_featured?post=3229"}],"curies":[{"name":"wp","href":"https:\/\/api.w.org\/{rel}","templated":true}]}}