{"id":3333,"date":"2020-09-24T19:10:38","date_gmt":"2020-09-24T22:10:38","guid":{"rendered":"https:\/\/www.magazineimagentotal.cl\/sitio\/?p=3333"},"modified":"2020-09-24T19:10:40","modified_gmt":"2020-09-24T22:10:40","slug":"historias-de-vida-maria-rosa-trogolo","status":"publish","type":"post","link":"https:\/\/www.magazineimagentotal.cl\/sitio\/historias-de-vida-maria-rosa-trogolo\/","title":{"rendered":"Historias de vida: Mar\u00eda Rosa Trogolo"},"content":{"rendered":"\n<p class=\"has-text-color has-very-dark-gray-color\">Mar\u00eda Rosa Trogolo es una estilista de la ciudad de San Francisco, provincia de C\u00f3rdoba, Argentina. A los 18 a\u00f1os, su coraz\u00f3n estaba dividido: estilista, por un lado, y administraci\u00f3n, por el otro. Finalmente se recibi\u00f3 de T\u00e9cnica en Cooperativismo y Mutualismo, pero el universo conspir\u00f3 para que comenzara a trabajar en una distribuidora de productos para peluquer\u00edas. A partir de ese momento nunca se detuvo. Tuvo la posibilidad de conocer a grandes maestros estilistas que iban a dictar workshops a esa empresa hasta que en 1990 se independiz\u00f3. Ten\u00eda algunos conocimientos gracias a su trabajo en la Perfumer\u00eda F\u00e9mina de la ciudad de San Francisco. Luego tom\u00f3 cursos de color en L&#8217;Or\u00e9al y Wella, abri\u00f3 su peque\u00f1a peluquer\u00eda y comenz\u00f3 su gran proyecto de vida.<br>Como emprendedora aprendi\u00f3 a sortear obst\u00e1culos de todo tipo como seguir adelante con su hijo de 1 a\u00f1o y medio, comenzando por segunda vez desde cero.<\/p>\n\n\n\n<div class=\"wp-block-image\"><figure class=\"aligncenter size-large is-resized\"><img  loading=\"lazy\"  decoding=\"async\"  src=\"data:image\/png;base64,iVBORw0KGgoAAAANSUhEUgAAAAEAAAABAQMAAAAl21bKAAAAA1BMVEUAAP+KeNJXAAAAAXRSTlMAQObYZgAAAAlwSFlzAAAOxAAADsQBlSsOGwAAAApJREFUCNdjYAAAAAIAAeIhvDMAAAAASUVORK5CYII=\"  alt=\"\"  class=\"wp-image-3336 pk-lazyload\"  width=\"350\"  height=\"447\"  data-pk-sizes=\"auto\"  data-ls-sizes=\"auto, (max-width: 350px) 100vw, 350px\"  data-pk-src=\"https:\/\/www.magazineimagentotal.cl\/sitio\/wp-content\/uploads\/2020\/09\/TROGOLO-FOTO-4.jpg\"  data-pk-srcset=\"https:\/\/www.magazineimagentotal.cl\/sitio\/wp-content\/uploads\/2020\/09\/TROGOLO-FOTO-4.jpg 453w, https:\/\/www.magazineimagentotal.cl\/sitio\/wp-content\/uploads\/2020\/09\/TROGOLO-FOTO-4-120x153.jpg 120w, https:\/\/www.magazineimagentotal.cl\/sitio\/wp-content\/uploads\/2020\/09\/TROGOLO-FOTO-4-90x115.jpg 90w, https:\/\/www.magazineimagentotal.cl\/sitio\/wp-content\/uploads\/2020\/09\/TROGOLO-FOTO-4-320x409.jpg 320w\" ><\/figure><\/div>\n\n\n\n<p class=\"has-text-color has-very-dark-gray-color\"><br>Particip\u00f3 en el C\u00edrculo de Arte y T\u00e9cnica Argentina en el que aprendi\u00f3 mucho y fue presidenta de la filial San Francisco, en la que form\u00f3 un grupo de estilistas que comenz\u00f3 a participar de los Campeonatos Sudamericanos del C\u00edrculo de Arte y T\u00e9cnica (CAT).<br>En el a\u00f1o 2002 lleg\u00f3 a Chile junto a su hijo de 10 a\u00f1os con un secador, 2 tijeras y un par de cepillos\u2026 Fue un nuevo comienzo en Santiago.<br>Despu\u00e9s, en el a\u00f1o 2004, instal\u00f3 su peluquer\u00eda con las mismas herramientas y una base de 5 clientes.<br>Trabaj\u00f3 como educadora t\u00e9cnica para Matrix, L\u2019Oreal, Moroccanoil, Ninfas, Pravana y Olaplex, y realiz\u00f3 entrenamientos con distinguidos profesionales nacionales e internaciones que le permitieron crecer en su carrera.<\/p>\n\n\n\n<div class=\"wp-block-image\"><figure class=\"aligncenter size-large is-resized\"><img  loading=\"lazy\"  decoding=\"async\"  src=\"data:image\/png;base64,iVBORw0KGgoAAAANSUhEUgAAAAEAAAABAQMAAAAl21bKAAAAA1BMVEUAAP+KeNJXAAAAAXRSTlMAQObYZgAAAAlwSFlzAAAOxAAADsQBlSsOGwAAAApJREFUCNdjYAAAAAIAAeIhvDMAAAAASUVORK5CYII=\"  alt=\"\"  class=\"wp-image-3337 pk-lazyload\"  width=\"511\"  height=\"1081\"  data-pk-sizes=\"auto\"  data-ls-sizes=\"auto, (max-width: 511px) 100vw, 511px\"  data-pk-src=\"https:\/\/www.magazineimagentotal.cl\/sitio\/wp-content\/uploads\/2020\/09\/TROGOLO-FOTO-2.jpeg\"  data-pk-srcset=\"https:\/\/www.magazineimagentotal.cl\/sitio\/wp-content\/uploads\/2020\/09\/TROGOLO-FOTO-2.jpeg 605w, https:\/\/www.magazineimagentotal.cl\/sitio\/wp-content\/uploads\/2020\/09\/TROGOLO-FOTO-2-120x254.jpeg 120w, https:\/\/www.magazineimagentotal.cl\/sitio\/wp-content\/uploads\/2020\/09\/TROGOLO-FOTO-2-90x190.jpeg 90w, https:\/\/www.magazineimagentotal.cl\/sitio\/wp-content\/uploads\/2020\/09\/TROGOLO-FOTO-2-320x677.jpeg 320w, https:\/\/www.magazineimagentotal.cl\/sitio\/wp-content\/uploads\/2020\/09\/TROGOLO-FOTO-2-560x1185.jpeg 560w\" ><\/figure><\/div>\n\n\n\n<p class=\"has-text-color has-very-dark-gray-color\"><br>Desde el d\u00eda que empez\u00f3 a trabajar considera que lo primordial es el respeto al cuidado capilar y entregar al cliente un asesoramiento integral.<br>En su vida siempre tuvo y tiene grandes personas (familia, colegas, amigos) a quienes les agradece porque siempre estuvieron y est\u00e1n dispuestos y conectados desde el coraz\u00f3n. Adem\u00e1s, est\u00e1 profundamente agradecida a Maria do Socorro, su gran gu\u00eda que conoce desde hace 27 a\u00f1os y la considera una especie de mam\u00e1, amiga, coach y c\u00f3mplice.<br>Mar\u00eda Rosa es una persona que se despierta cada d\u00eda para entregar todo su apoyo. Ha podido conjugar \u201cpasi\u00f3n, misi\u00f3n y vocaci\u00f3n\u201d en esta profesi\u00f3n y en la docencia, que le da la adrenalina y es el motor de su vida.<br>Con este pedacito de su vida compartido en esta historia, Trogolo les dice a todas las mujeres que todo lo que una se proponga se puede lograr. No es f\u00e1cil, pero nada es imposible. Mil veces se podr\u00e1 caer, pero tambi\u00e9n mil veces se podr\u00e1 levantar y seguir adelante. Ah\u00ed es donde radica el \u00e9xito.<\/p>\n\n\n\n<div class=\"wp-block-image\"><figure class=\"aligncenter size-large is-resized\"><img  loading=\"lazy\"  decoding=\"async\"  src=\"data:image\/png;base64,iVBORw0KGgoAAAANSUhEUgAAAAEAAAABAQMAAAAl21bKAAAAA1BMVEUAAP+KeNJXAAAAAXRSTlMAQObYZgAAAAlwSFlzAAAOxAAADsQBlSsOGwAAAApJREFUCNdjYAAAAAIAAeIhvDMAAAAASUVORK5CYII=\"  alt=\"\"  class=\"wp-image-3335 pk-lazyload\"  width=\"489\"  height=\"489\"  data-pk-sizes=\"auto\"  data-ls-sizes=\"auto, (max-width: 489px) 100vw, 489px\"  data-pk-src=\"https:\/\/www.magazineimagentotal.cl\/sitio\/wp-content\/uploads\/2020\/09\/TROGOLO-FOTO-3.jpg\"  data-pk-srcset=\"https:\/\/www.magazineimagentotal.cl\/sitio\/wp-content\/uploads\/2020\/09\/TROGOLO-FOTO-3.jpg 960w, https:\/\/www.magazineimagentotal.cl\/sitio\/wp-content\/uploads\/2020\/09\/TROGOLO-FOTO-3-800x800.jpg 800w, https:\/\/www.magazineimagentotal.cl\/sitio\/wp-content\/uploads\/2020\/09\/TROGOLO-FOTO-3-80x80.jpg 80w, https:\/\/www.magazineimagentotal.cl\/sitio\/wp-content\/uploads\/2020\/09\/TROGOLO-FOTO-3-120x120.jpg 120w, https:\/\/www.magazineimagentotal.cl\/sitio\/wp-content\/uploads\/2020\/09\/TROGOLO-FOTO-3-90x90.jpg 90w, https:\/\/www.magazineimagentotal.cl\/sitio\/wp-content\/uploads\/2020\/09\/TROGOLO-FOTO-3-320x320.jpg 320w, https:\/\/www.magazineimagentotal.cl\/sitio\/wp-content\/uploads\/2020\/09\/TROGOLO-FOTO-3-560x560.jpg 560w\" ><\/figure><\/div>\n\n\n\n<p><\/p>\n","protected":false},"excerpt":{"rendered":"<p>Mar\u00eda Rosa Trogolo es una estilista de la ciudad de San Francisco, provincia de C\u00f3rdoba, Argentina. A los 18 a\u00f1os, su coraz\u00f3n estaba dividido: estilista, por un lado, y administraci\u00f3n,&hellip;<\/p>\n","protected":false},"author":3,"featured_media":3334,"comment_status":"open","ping_status":"open","sticky":false,"template":"","format":"standard","meta":{"footnotes":""},"categories":[7,12,11],"tags":[],"powerkit_post_featured":[],"class_list":{"0":"post-3333","1":"post","2":"type-post","3":"status-publish","4":"format-standard","5":"has-post-thumbnail","7":"category-actualidad-entrevistas","8":"category-noticias","9":"category-peluqueria-colecciones"},"_links":{"self":[{"href":"https:\/\/www.magazineimagentotal.cl\/sitio\/wp-json\/wp\/v2\/posts\/3333","targetHints":{"allow":["GET"]}}],"collection":[{"href":"https:\/\/www.magazineimagentotal.cl\/sitio\/wp-json\/wp\/v2\/posts"}],"about":[{"href":"https:\/\/www.magazineimagentotal.cl\/sitio\/wp-json\/wp\/v2\/types\/post"}],"author":[{"embeddable":true,"href":"https:\/\/www.magazineimagentotal.cl\/sitio\/wp-json\/wp\/v2\/users\/3"}],"replies":[{"embeddable":true,"href":"https:\/\/www.magazineimagentotal.cl\/sitio\/wp-json\/wp\/v2\/comments?post=3333"}],"version-history":[{"count":1,"href":"https:\/\/www.magazineimagentotal.cl\/sitio\/wp-json\/wp\/v2\/posts\/3333\/revisions"}],"predecessor-version":[{"id":3338,"href":"https:\/\/www.magazineimagentotal.cl\/sitio\/wp-json\/wp\/v2\/posts\/3333\/revisions\/3338"}],"wp:featuredmedia":[{"embeddable":true,"href":"https:\/\/www.magazineimagentotal.cl\/sitio\/wp-json\/wp\/v2\/media\/3334"}],"wp:attachment":[{"href":"https:\/\/www.magazineimagentotal.cl\/sitio\/wp-json\/wp\/v2\/media?parent=3333"}],"wp:term":[{"taxonomy":"category","embeddable":true,"href":"https:\/\/www.magazineimagentotal.cl\/sitio\/wp-json\/wp\/v2\/categories?post=3333"},{"taxonomy":"post_tag","embeddable":true,"href":"https:\/\/www.magazineimagentotal.cl\/sitio\/wp-json\/wp\/v2\/tags?post=3333"},{"taxonomy":"powerkit_post_featured","embeddable":true,"href":"https:\/\/www.magazineimagentotal.cl\/sitio\/wp-json\/wp\/v2\/powerkit_post_featured?post=3333"}],"curies":[{"name":"wp","href":"https:\/\/api.w.org\/{rel}","templated":true}]}}