{"id":3346,"date":"2020-09-24T19:30:47","date_gmt":"2020-09-24T22:30:47","guid":{"rendered":"https:\/\/www.magazineimagentotal.cl\/sitio\/?p=3346"},"modified":"2020-10-06T21:45:38","modified_gmt":"2020-10-07T00:45:38","slug":"entrevista-a-laura-ferreyra-la-pandemia-nos-hizo-cambiar-drasticamente-las-rutinas-y-nos-adentro-en-un-mundo-diferente","status":"publish","type":"post","link":"https:\/\/www.magazineimagentotal.cl\/sitio\/entrevista-a-laura-ferreyra-la-pandemia-nos-hizo-cambiar-drasticamente-las-rutinas-y-nos-adentro-en-un-mundo-diferente\/","title":{"rendered":"Entrevista a Laura Ferreyra \u201cLa pandemia nos hizo cambiar dr\u00e1sticamente las rutinas y nos adentr\u00f3 en un mundo diferente\u201d"},"content":{"rendered":"\n<p class=\"has-text-color has-very-dark-gray-color\">Laura Ferreyra es una reconocida estilista de R\u00edo Cuarto, provincia de C\u00f3rdoba, Argentina.<br>Desde chica siempre le gust\u00f3 todo lo referente al arte y lo manual. No sab\u00eda que iba a ser peluquera, pero s\u00ed conoc\u00eda su inclinaci\u00f3n hacia el arte. Dio sus primeros pasos en la profesi\u00f3n de manera autodidacta. Miraba a la peluquera que la atend\u00eda e imitaba lo que hac\u00eda.<br>Un d\u00eda se ofreci\u00f3 a trabajar de ayudante en una peluquer\u00eda sin haber hecho ning\u00fan curso. La tomaron a prueba y se qued\u00f3 trabajando. A los tres meses de estar all\u00ed, ya sab\u00eda realizar muchos servicios gracias a su observaci\u00f3n, menos cortar. En ese momento comenz\u00f3 a capacitarse realizando diferentes cursos y perfeccion\u00e1ndose. Con todos los conocimientos adquiridos le fue dando su \u201ctoque\u201d personal a cada trabajo en funci\u00f3n de sus resultados y lo que a ella le parec\u00eda que iba a quedar mejor.<\/p>\n\n\n\n<figure class=\"wp-block-gallery columns-3 is-cropped wp-block-gallery-1 is-layout-flex wp-block-gallery-is-layout-flex\"><ul class=\"blocks-gallery-grid\"><li class=\"blocks-gallery-item\"><figure><a href=\"https:\/\/www.magazineimagentotal.cl\/sitio\/wp-content\/uploads\/2020\/09\/3.jpg\"><img  loading=\"lazy\"  decoding=\"async\"  width=\"918\"  height=\"1110\"  src=\"data:image\/png;base64,iVBORw0KGgoAAAANSUhEUgAAAAEAAAABAQMAAAAl21bKAAAAA1BMVEUAAP+KeNJXAAAAAXRSTlMAQObYZgAAAAlwSFlzAAAOxAAADsQBlSsOGwAAAApJREFUCNdjYAAAAAIAAeIhvDMAAAAASUVORK5CYII=\"  alt=\"\"  data-id=\"3348\"  data-link=\"https:\/\/www.magazineimagentotal.cl\/sitio\/?attachment_id=3348\"  class=\"wp-image-3348 pk-lazyload\"  data-pk-sizes=\"auto\"  data-ls-sizes=\"auto, (max-width: 918px) 100vw, 918px\"  data-pk-src=\"https:\/\/www.magazineimagentotal.cl\/sitio\/wp-content\/uploads\/2020\/09\/3.jpg\"  data-pk-srcset=\"https:\/\/www.magazineimagentotal.cl\/sitio\/wp-content\/uploads\/2020\/09\/3.jpg 918w, https:\/\/www.magazineimagentotal.cl\/sitio\/wp-content\/uploads\/2020\/09\/3-800x967.jpg 800w, https:\/\/www.magazineimagentotal.cl\/sitio\/wp-content\/uploads\/2020\/09\/3-120x145.jpg 120w, https:\/\/www.magazineimagentotal.cl\/sitio\/wp-content\/uploads\/2020\/09\/3-90x109.jpg 90w, https:\/\/www.magazineimagentotal.cl\/sitio\/wp-content\/uploads\/2020\/09\/3-320x387.jpg 320w, https:\/\/www.magazineimagentotal.cl\/sitio\/wp-content\/uploads\/2020\/09\/3-560x677.jpg 560w\" ><\/a><\/figure><\/li><li class=\"blocks-gallery-item\"><figure><a href=\"https:\/\/www.magazineimagentotal.cl\/sitio\/wp-content\/uploads\/2020\/09\/4.jpg\"><img  loading=\"lazy\"  decoding=\"async\"  width=\"918\"  height=\"1200\"  src=\"data:image\/png;base64,iVBORw0KGgoAAAANSUhEUgAAAAEAAAABAQMAAAAl21bKAAAAA1BMVEUAAP+KeNJXAAAAAXRSTlMAQObYZgAAAAlwSFlzAAAOxAAADsQBlSsOGwAAAApJREFUCNdjYAAAAAIAAeIhvDMAAAAASUVORK5CYII=\"  alt=\"\"  data-id=\"3349\"  data-link=\"https:\/\/www.magazineimagentotal.cl\/sitio\/?attachment_id=3349\"  class=\"wp-image-3349 pk-lazyload\"  data-pk-sizes=\"auto\"  data-ls-sizes=\"auto, (max-width: 918px) 100vw, 918px\"  data-pk-src=\"https:\/\/www.magazineimagentotal.cl\/sitio\/wp-content\/uploads\/2020\/09\/4.jpg\"  data-pk-srcset=\"https:\/\/www.magazineimagentotal.cl\/sitio\/wp-content\/uploads\/2020\/09\/4.jpg 918w, https:\/\/www.magazineimagentotal.cl\/sitio\/wp-content\/uploads\/2020\/09\/4-800x1046.jpg 800w, https:\/\/www.magazineimagentotal.cl\/sitio\/wp-content\/uploads\/2020\/09\/4-120x157.jpg 120w, https:\/\/www.magazineimagentotal.cl\/sitio\/wp-content\/uploads\/2020\/09\/4-90x118.jpg 90w, https:\/\/www.magazineimagentotal.cl\/sitio\/wp-content\/uploads\/2020\/09\/4-320x418.jpg 320w, https:\/\/www.magazineimagentotal.cl\/sitio\/wp-content\/uploads\/2020\/09\/4-560x732.jpg 560w\" ><\/a><\/figure><\/li><li class=\"blocks-gallery-item\"><figure><a href=\"https:\/\/www.magazineimagentotal.cl\/sitio\/wp-content\/uploads\/2020\/09\/2.png\"><img  loading=\"lazy\"  decoding=\"async\"  width=\"720\"  height=\"877\"  src=\"data:image\/png;base64,iVBORw0KGgoAAAANSUhEUgAAAAEAAAABAQMAAAAl21bKAAAAA1BMVEUAAP+KeNJXAAAAAXRSTlMAQObYZgAAAAlwSFlzAAAOxAAADsQBlSsOGwAAAApJREFUCNdjYAAAAAIAAeIhvDMAAAAASUVORK5CYII=\"  alt=\"\"  data-id=\"3357\"  data-full-url=\"https:\/\/www.magazineimagentotal.cl\/sitio\/wp-content\/uploads\/2020\/09\/2.png\"  data-link=\"https:\/\/www.magazineimagentotal.cl\/sitio\/?attachment_id=3357\"  class=\"wp-image-3357 pk-lazyload\"  data-pk-sizes=\"auto\"  data-ls-sizes=\"auto, (max-width: 720px) 100vw, 720px\"  data-pk-src=\"https:\/\/www.magazineimagentotal.cl\/sitio\/wp-content\/uploads\/2020\/09\/2.png\"  data-pk-srcset=\"https:\/\/www.magazineimagentotal.cl\/sitio\/wp-content\/uploads\/2020\/09\/2.png 720w, https:\/\/www.magazineimagentotal.cl\/sitio\/wp-content\/uploads\/2020\/09\/2-120x146.png 120w, https:\/\/www.magazineimagentotal.cl\/sitio\/wp-content\/uploads\/2020\/09\/2-90x110.png 90w, https:\/\/www.magazineimagentotal.cl\/sitio\/wp-content\/uploads\/2020\/09\/2-320x390.png 320w, https:\/\/www.magazineimagentotal.cl\/sitio\/wp-content\/uploads\/2020\/09\/2-560x682.png 560w\" ><\/a><\/figure><\/li><\/ul><\/figure>\n\n\n\n<p class=\"has-text-color has-very-dark-gray-color\">En este momento tan particular para la profesi\u00f3n, Laura nos abri\u00f3 las puertas de su sal\u00f3n y nos cont\u00f3 que \u201cla pandemia las hizo cambiar dr\u00e1sticamente las rutinas y las adentr\u00f3 en un mundo diferente. Ya no realizan lo mismo que hace unos meses atr\u00e1s. Desde que se volvi\u00f3 a la atenci\u00f3n de las clientas en el local, se adaptaron con responsabilidad a la nueva realidad con protocolos de acci\u00f3n y medidas de seguridad que contemplan las normas actuales de prevenci\u00f3n, ya que el contacto con las clientas es estrecho. En su caso, usan mascarillas, escudo facial y guantes. Adem\u00e1s, esterilizan los materiales, suman la limpieza de los zapatos con lavandina antes de entrar al local y brindan turnos a las clientas para poder lograr el distanciamiento y cuidar la salud tanto de ellas como de los profesionales\u201d. Para la estilista es \u201cvital que todas se sientan y se vean bien, ya que est\u00e1 comprobado que no descuidar la imagen y preocuparse por verse bien es una parte s\u00faper importante para sobrellevar de la mejor manera la cuarentena\u201d.<\/p>\n\n\n\n<div class=\"wp-block-image\"><figure class=\"aligncenter size-large is-resized\"><img  loading=\"lazy\"  decoding=\"async\"  src=\"data:image\/png;base64,iVBORw0KGgoAAAANSUhEUgAAAAEAAAABAQMAAAAl21bKAAAAA1BMVEUAAP+KeNJXAAAAAXRSTlMAQObYZgAAAAlwSFlzAAAOxAAADsQBlSsOGwAAAApJREFUCNdjYAAAAAIAAeIhvDMAAAAASUVORK5CYII=\"  alt=\"\"  class=\"wp-image-3351 pk-lazyload\"  width=\"642\"  height=\"448\"  data-pk-sizes=\"auto\"  data-ls-sizes=\"auto, (max-width: 642px) 100vw, 642px\"  data-pk-src=\"https:\/\/www.magazineimagentotal.cl\/sitio\/wp-content\/uploads\/2020\/09\/12-1.jpeg\"  data-pk-srcset=\"https:\/\/www.magazineimagentotal.cl\/sitio\/wp-content\/uploads\/2020\/09\/12-1.jpeg 1000w, https:\/\/www.magazineimagentotal.cl\/sitio\/wp-content\/uploads\/2020\/09\/12-1-800x560.jpeg 800w, https:\/\/www.magazineimagentotal.cl\/sitio\/wp-content\/uploads\/2020\/09\/12-1-120x84.jpeg 120w, https:\/\/www.magazineimagentotal.cl\/sitio\/wp-content\/uploads\/2020\/09\/12-1-90x63.jpeg 90w, https:\/\/www.magazineimagentotal.cl\/sitio\/wp-content\/uploads\/2020\/09\/12-1-320x224.jpeg 320w, https:\/\/www.magazineimagentotal.cl\/sitio\/wp-content\/uploads\/2020\/09\/12-1-560x392.jpeg 560w\" ><\/figure><\/div>\n\n\n\n<p class=\"has-text-color has-very-dark-gray-color\"><br>La pandemia dej\u00f3 al sal\u00f3n de Laura -como todos los salones de Argentina- con las puertas cerradas. Es por ello que recurrieron a las redes sociales. En la \u00e9poca en que no se pod\u00eda trabajar, tuvieron que vender productos online y luego motivaron a las clientas a seguirlas por las redes brind\u00e1ndoles consejos de belleza para que contin\u00faen con el cuidado del cabello en su casa hasta al regreso. Una vez que el sal\u00f3n reabri\u00f3 sus puertas, siguieron motivando a las clientas con la muestra de fotos diarias de sus trabajos con diversos colores y tratamientos para el cabello.<\/p>\n\n\n\n<figure class=\"wp-block-gallery columns-2 is-cropped wp-block-gallery-2 is-layout-flex wp-block-gallery-is-layout-flex\"><ul class=\"blocks-gallery-grid\"><li class=\"blocks-gallery-item\"><figure><a href=\"https:\/\/www.magazineimagentotal.cl\/sitio\/wp-content\/uploads\/2020\/09\/9.jpg\"><img  loading=\"lazy\"  decoding=\"async\"  width=\"519\"  height=\"945\"  src=\"data:image\/png;base64,iVBORw0KGgoAAAANSUhEUgAAAAEAAAABAQMAAAAl21bKAAAAA1BMVEUAAP+KeNJXAAAAAXRSTlMAQObYZgAAAAlwSFlzAAAOxAAADsQBlSsOGwAAAApJREFUCNdjYAAAAAIAAeIhvDMAAAAASUVORK5CYII=\"  alt=\"\"  data-id=\"3353\"  data-full-url=\"https:\/\/www.magazineimagentotal.cl\/sitio\/wp-content\/uploads\/2020\/09\/9.jpg\"  data-link=\"https:\/\/www.magazineimagentotal.cl\/sitio\/?attachment_id=3353\"  class=\"wp-image-3353 pk-lazyload\"  data-pk-sizes=\"auto\"  data-ls-sizes=\"auto, (max-width: 519px) 100vw, 519px\"  data-pk-src=\"https:\/\/www.magazineimagentotal.cl\/sitio\/wp-content\/uploads\/2020\/09\/9.jpg\"  data-pk-srcset=\"https:\/\/www.magazineimagentotal.cl\/sitio\/wp-content\/uploads\/2020\/09\/9.jpg 519w, https:\/\/www.magazineimagentotal.cl\/sitio\/wp-content\/uploads\/2020\/09\/9-120x218.jpg 120w, https:\/\/www.magazineimagentotal.cl\/sitio\/wp-content\/uploads\/2020\/09\/9-90x164.jpg 90w, https:\/\/www.magazineimagentotal.cl\/sitio\/wp-content\/uploads\/2020\/09\/9-320x583.jpg 320w\" ><\/a><\/figure><\/li><li class=\"blocks-gallery-item\"><figure><a href=\"https:\/\/www.magazineimagentotal.cl\/sitio\/wp-content\/uploads\/2020\/09\/10.jpg\"><img  loading=\"lazy\"  decoding=\"async\"  width=\"1160\"  height=\"1740\"  src=\"data:image\/png;base64,iVBORw0KGgoAAAANSUhEUgAAAAEAAAABAQMAAAAl21bKAAAAA1BMVEUAAP+KeNJXAAAAAXRSTlMAQObYZgAAAAlwSFlzAAAOxAAADsQBlSsOGwAAAApJREFUCNdjYAAAAAIAAeIhvDMAAAAASUVORK5CYII=\"  alt=\"\"  data-id=\"3354\"  data-full-url=\"https:\/\/www.magazineimagentotal.cl\/sitio\/wp-content\/uploads\/2020\/09\/10.jpg\"  data-link=\"https:\/\/www.magazineimagentotal.cl\/sitio\/?attachment_id=3354\"  class=\"wp-image-3354 pk-lazyload\"  data-pk-sizes=\"auto\"  data-ls-sizes=\"auto, (max-width: 1160px) 100vw, 1160px\"  data-pk-src=\"https:\/\/www.magazineimagentotal.cl\/sitio\/wp-content\/uploads\/2020\/09\/10-1160x1740.jpg\"  data-pk-srcset=\"https:\/\/www.magazineimagentotal.cl\/sitio\/wp-content\/uploads\/2020\/09\/10-1160x1740.jpg 1160w, https:\/\/www.magazineimagentotal.cl\/sitio\/wp-content\/uploads\/2020\/09\/10-800x1200.jpg 800w, https:\/\/www.magazineimagentotal.cl\/sitio\/wp-content\/uploads\/2020\/09\/10-1024x1536.jpg 1024w, https:\/\/www.magazineimagentotal.cl\/sitio\/wp-content\/uploads\/2020\/09\/10-120x180.jpg 120w, https:\/\/www.magazineimagentotal.cl\/sitio\/wp-content\/uploads\/2020\/09\/10-90x135.jpg 90w, https:\/\/www.magazineimagentotal.cl\/sitio\/wp-content\/uploads\/2020\/09\/10-320x480.jpg 320w, https:\/\/www.magazineimagentotal.cl\/sitio\/wp-content\/uploads\/2020\/09\/10-560x840.jpg 560w, https:\/\/www.magazineimagentotal.cl\/sitio\/wp-content\/uploads\/2020\/09\/10.jpg 1296w\" ><\/a><\/figure><\/li><li class=\"blocks-gallery-item\"><figure><a href=\"https:\/\/www.magazineimagentotal.cl\/sitio\/wp-content\/uploads\/2020\/09\/1.jpg\"><img  loading=\"lazy\"  decoding=\"async\"  width=\"840\"  height=\"724\"  src=\"data:image\/png;base64,iVBORw0KGgoAAAANSUhEUgAAAAEAAAABAQMAAAAl21bKAAAAA1BMVEUAAP+KeNJXAAAAAXRSTlMAQObYZgAAAAlwSFlzAAAOxAAADsQBlSsOGwAAAApJREFUCNdjYAAAAAIAAeIhvDMAAAAASUVORK5CYII=\"  alt=\"\"  data-id=\"3352\"  data-full-url=\"https:\/\/www.magazineimagentotal.cl\/sitio\/wp-content\/uploads\/2020\/09\/1.jpg\"  data-link=\"https:\/\/www.magazineimagentotal.cl\/sitio\/?attachment_id=3352\"  class=\"wp-image-3352 pk-lazyload\"  data-pk-sizes=\"auto\"  data-ls-sizes=\"auto, (max-width: 840px) 100vw, 840px\"  data-pk-src=\"https:\/\/www.magazineimagentotal.cl\/sitio\/wp-content\/uploads\/2020\/09\/1.jpg\"  data-pk-srcset=\"https:\/\/www.magazineimagentotal.cl\/sitio\/wp-content\/uploads\/2020\/09\/1.jpg 840w, https:\/\/www.magazineimagentotal.cl\/sitio\/wp-content\/uploads\/2020\/09\/1-800x690.jpg 800w, https:\/\/www.magazineimagentotal.cl\/sitio\/wp-content\/uploads\/2020\/09\/1-120x103.jpg 120w, https:\/\/www.magazineimagentotal.cl\/sitio\/wp-content\/uploads\/2020\/09\/1-90x78.jpg 90w, https:\/\/www.magazineimagentotal.cl\/sitio\/wp-content\/uploads\/2020\/09\/1-320x276.jpg 320w, https:\/\/www.magazineimagentotal.cl\/sitio\/wp-content\/uploads\/2020\/09\/1-560x483.jpg 560w\" ><\/a><\/figure><\/li><\/ul><\/figure>\n\n\n\n<p class=\"has-text-color has-very-dark-gray-color\">Antes de la pandemia, los servicios que ofrec\u00edan en el sal\u00f3n eran m\u00e1s amplios. Hoy, por ejemplo, maquillaje no pueden hacer porque no hay reuniones ni fiestas. Entonces no se puede brindar ese servicio. S\u00ed tienen la suerte de trabajar para tres periodistas de televisi\u00f3n. Eso tambi\u00e9n la hizo m\u00e1s conocida, ya que una conduce un magazine-noticiero, otra realiza un noticiero diario y la tercera tiene un programa de dise\u00f1o y arquitectura.<br>Por otra parte, tambi\u00e9n hac\u00edan depilaci\u00f3n de rostro y colocaci\u00f3n de pesta\u00f1as, pero nada de eso se est\u00e1 haciendo por el momento.<br>Consultada por la reacci\u00f3n de las clientas al ingresar a su lugar de trabajo, Ferreyra se\u00f1al\u00f3 que \u201centran y esperan a que se les indique el protocolo. Todas son sumamente accesibles a lo que se les pide. Se sienten muy confiadas porque ven que realmente se cumple con el protocolo y que todo est\u00e1 sumamente higienizado y cuidado como corresponde\u201d.<\/p>\n\n\n\n<figure class=\"wp-block-gallery columns-2 is-cropped wp-block-gallery-3 is-layout-flex wp-block-gallery-is-layout-flex\"><ul class=\"blocks-gallery-grid\"><li class=\"blocks-gallery-item\"><figure><a href=\"https:\/\/www.magazineimagentotal.cl\/sitio\/wp-content\/uploads\/2020\/09\/5.png\"><img  loading=\"lazy\"  decoding=\"async\"  width=\"600\"  height=\"400\"  src=\"data:image\/png;base64,iVBORw0KGgoAAAANSUhEUgAAAAEAAAABAQMAAAAl21bKAAAAA1BMVEUAAP+KeNJXAAAAAXRSTlMAQObYZgAAAAlwSFlzAAAOxAAADsQBlSsOGwAAAApJREFUCNdjYAAAAAIAAeIhvDMAAAAASUVORK5CYII=\"  alt=\"\"  data-id=\"3358\"  data-full-url=\"https:\/\/www.magazineimagentotal.cl\/sitio\/wp-content\/uploads\/2020\/09\/5.png\"  data-link=\"https:\/\/www.magazineimagentotal.cl\/sitio\/?attachment_id=3358\"  class=\"wp-image-3358 pk-lazyload\"  data-pk-sizes=\"auto\"  data-ls-sizes=\"auto, (max-width: 600px) 100vw, 600px\"  data-pk-src=\"https:\/\/www.magazineimagentotal.cl\/sitio\/wp-content\/uploads\/2020\/09\/5.png\"  data-pk-srcset=\"https:\/\/www.magazineimagentotal.cl\/sitio\/wp-content\/uploads\/2020\/09\/5.png 600w, https:\/\/www.magazineimagentotal.cl\/sitio\/wp-content\/uploads\/2020\/09\/5-120x80.png 120w, https:\/\/www.magazineimagentotal.cl\/sitio\/wp-content\/uploads\/2020\/09\/5-90x60.png 90w, https:\/\/www.magazineimagentotal.cl\/sitio\/wp-content\/uploads\/2020\/09\/5-320x213.png 320w, https:\/\/www.magazineimagentotal.cl\/sitio\/wp-content\/uploads\/2020\/09\/5-560x373.png 560w\" ><\/a><\/figure><\/li><li class=\"blocks-gallery-item\"><figure><a href=\"https:\/\/www.magazineimagentotal.cl\/sitio\/wp-content\/uploads\/2020\/09\/6-1.jpg\"><img  loading=\"lazy\"  decoding=\"async\"  width=\"1160\"  height=\"1160\"  src=\"data:image\/png;base64,iVBORw0KGgoAAAANSUhEUgAAAAEAAAABAQMAAAAl21bKAAAAA1BMVEUAAP+KeNJXAAAAAXRSTlMAQObYZgAAAAlwSFlzAAAOxAAADsQBlSsOGwAAAApJREFUCNdjYAAAAAIAAeIhvDMAAAAASUVORK5CYII=\"  alt=\"\"  data-id=\"3359\"  data-full-url=\"https:\/\/www.magazineimagentotal.cl\/sitio\/wp-content\/uploads\/2020\/09\/6-1.jpg\"  data-link=\"https:\/\/www.magazineimagentotal.cl\/sitio\/?attachment_id=3359\"  class=\"wp-image-3359 pk-lazyload\"  data-pk-sizes=\"auto\"  data-ls-sizes=\"auto, (max-width: 1160px) 100vw, 1160px\"  data-pk-src=\"https:\/\/www.magazineimagentotal.cl\/sitio\/wp-content\/uploads\/2020\/09\/6-1-1160x1160.jpg\"  data-pk-srcset=\"https:\/\/www.magazineimagentotal.cl\/sitio\/wp-content\/uploads\/2020\/09\/6-1-1160x1160.jpg 1160w, https:\/\/www.magazineimagentotal.cl\/sitio\/wp-content\/uploads\/2020\/09\/6-1-800x800.jpg 800w, https:\/\/www.magazineimagentotal.cl\/sitio\/wp-content\/uploads\/2020\/09\/6-1-80x80.jpg 80w, https:\/\/www.magazineimagentotal.cl\/sitio\/wp-content\/uploads\/2020\/09\/6-1-120x120.jpg 120w, https:\/\/www.magazineimagentotal.cl\/sitio\/wp-content\/uploads\/2020\/09\/6-1-90x90.jpg 90w, https:\/\/www.magazineimagentotal.cl\/sitio\/wp-content\/uploads\/2020\/09\/6-1-320x320.jpg 320w, https:\/\/www.magazineimagentotal.cl\/sitio\/wp-content\/uploads\/2020\/09\/6-1-560x560.jpg 560w, https:\/\/www.magazineimagentotal.cl\/sitio\/wp-content\/uploads\/2020\/09\/6-1.jpg 1200w\" ><\/a><\/figure><\/li><li class=\"blocks-gallery-item\"><figure><a href=\"https:\/\/www.magazineimagentotal.cl\/sitio\/wp-content\/uploads\/2020\/09\/8.jpg\"><img  loading=\"lazy\"  decoding=\"async\"  width=\"1160\"  height=\"773\"  src=\"data:image\/png;base64,iVBORw0KGgoAAAANSUhEUgAAAAEAAAABAQMAAAAl21bKAAAAA1BMVEUAAP+KeNJXAAAAAXRSTlMAQObYZgAAAAlwSFlzAAAOxAAADsQBlSsOGwAAAApJREFUCNdjYAAAAAIAAeIhvDMAAAAASUVORK5CYII=\"  alt=\"\"  data-id=\"3360\"  data-full-url=\"https:\/\/www.magazineimagentotal.cl\/sitio\/wp-content\/uploads\/2020\/09\/8.jpg\"  data-link=\"https:\/\/www.magazineimagentotal.cl\/sitio\/?attachment_id=3360\"  class=\"wp-image-3360 pk-lazyload\"  data-pk-sizes=\"auto\"  data-ls-sizes=\"auto, (max-width: 1160px) 100vw, 1160px\"  data-pk-src=\"https:\/\/www.magazineimagentotal.cl\/sitio\/wp-content\/uploads\/2020\/09\/8-1160x773.jpg\"  data-pk-srcset=\"https:\/\/www.magazineimagentotal.cl\/sitio\/wp-content\/uploads\/2020\/09\/8-1160x773.jpg 1160w, https:\/\/www.magazineimagentotal.cl\/sitio\/wp-content\/uploads\/2020\/09\/8-800x533.jpg 800w, https:\/\/www.magazineimagentotal.cl\/sitio\/wp-content\/uploads\/2020\/09\/8-120x80.jpg 120w, https:\/\/www.magazineimagentotal.cl\/sitio\/wp-content\/uploads\/2020\/09\/8-90x60.jpg 90w, https:\/\/www.magazineimagentotal.cl\/sitio\/wp-content\/uploads\/2020\/09\/8-320x213.jpg 320w, https:\/\/www.magazineimagentotal.cl\/sitio\/wp-content\/uploads\/2020\/09\/8-560x373.jpg 560w, https:\/\/www.magazineimagentotal.cl\/sitio\/wp-content\/uploads\/2020\/09\/8.jpg 1200w\" ><\/a><\/figure><\/li><li class=\"blocks-gallery-item\"><figure><a href=\"https:\/\/www.magazineimagentotal.cl\/sitio\/wp-content\/uploads\/2020\/09\/11.jpg\"><img  loading=\"lazy\"  decoding=\"async\"  width=\"1160\"  height=\"773\"  src=\"data:image\/png;base64,iVBORw0KGgoAAAANSUhEUgAAAAEAAAABAQMAAAAl21bKAAAAA1BMVEUAAP+KeNJXAAAAAXRSTlMAQObYZgAAAAlwSFlzAAAOxAAADsQBlSsOGwAAAApJREFUCNdjYAAAAAIAAeIhvDMAAAAASUVORK5CYII=\"  alt=\"\"  data-id=\"3361\"  data-full-url=\"https:\/\/www.magazineimagentotal.cl\/sitio\/wp-content\/uploads\/2020\/09\/11.jpg\"  data-link=\"https:\/\/www.magazineimagentotal.cl\/sitio\/?attachment_id=3361\"  class=\"wp-image-3361 pk-lazyload\"  data-pk-sizes=\"auto\"  data-ls-sizes=\"auto, (max-width: 1160px) 100vw, 1160px\"  data-pk-src=\"https:\/\/www.magazineimagentotal.cl\/sitio\/wp-content\/uploads\/2020\/09\/11-1160x773.jpg\"  data-pk-srcset=\"https:\/\/www.magazineimagentotal.cl\/sitio\/wp-content\/uploads\/2020\/09\/11-1160x773.jpg 1160w, https:\/\/www.magazineimagentotal.cl\/sitio\/wp-content\/uploads\/2020\/09\/11-800x533.jpg 800w, https:\/\/www.magazineimagentotal.cl\/sitio\/wp-content\/uploads\/2020\/09\/11-1536x1024.jpg 1536w, https:\/\/www.magazineimagentotal.cl\/sitio\/wp-content\/uploads\/2020\/09\/11-120x80.jpg 120w, https:\/\/www.magazineimagentotal.cl\/sitio\/wp-content\/uploads\/2020\/09\/11-90x60.jpg 90w, https:\/\/www.magazineimagentotal.cl\/sitio\/wp-content\/uploads\/2020\/09\/11-320x213.jpg 320w, https:\/\/www.magazineimagentotal.cl\/sitio\/wp-content\/uploads\/2020\/09\/11-560x373.jpg 560w, https:\/\/www.magazineimagentotal.cl\/sitio\/wp-content\/uploads\/2020\/09\/11-1920x1280.jpg 1920w, https:\/\/www.magazineimagentotal.cl\/sitio\/wp-content\/uploads\/2020\/09\/11.jpg 1944w\" ><\/a><\/figure><\/li><\/ul><\/figure>\n\n\n\n<p class=\"has-text-color has-very-dark-gray-color\">El 21 de septiembre, la peluquer\u00eda cumple 29 a\u00f1os y Laura comenta que \u201csiempre ha tenido grupos diferentes de gente que la ha ayudado y acompa\u00f1ado en los trabajos. Hace varios a\u00f1os que pudo conformar un equipo bastante estable del cual se siente muy orgullosa y sumamente acompa\u00f1ada, tanto en lo profesional como en lo personal\u201d.<br>En cuanto a las tendencias para la nueva temporada primavera\/verano, en el sal\u00f3n siempre est\u00e1n actualizadas, ya que es con lo que m\u00e1s trabajan. Todo el equipo est\u00e1 muy bien preparado profesionalmente en cuanto al tema de la coloraci\u00f3n, el corte, y las extensiones de cabello natural que son las que m\u00e1s disfruta la estilista.<\/p>\n\n\n\n<figure class=\"wp-block-gallery columns-1 is-cropped wp-block-gallery-4 is-layout-flex wp-block-gallery-is-layout-flex\"><ul class=\"blocks-gallery-grid\"><li class=\"blocks-gallery-item\"><figure><img  loading=\"lazy\"  decoding=\"async\"  width=\"1160\"  height=\"773\"  src=\"data:image\/png;base64,iVBORw0KGgoAAAANSUhEUgAAAAEAAAABAQMAAAAl21bKAAAAA1BMVEUAAP+KeNJXAAAAAXRSTlMAQObYZgAAAAlwSFlzAAAOxAAADsQBlSsOGwAAAApJREFUCNdjYAAAAAIAAeIhvDMAAAAASUVORK5CYII=\"  alt=\"\"  data-id=\"3356\"  data-full-url=\"https:\/\/www.magazineimagentotal.cl\/sitio\/wp-content\/uploads\/2020\/09\/7.jpg\"  data-link=\"https:\/\/www.magazineimagentotal.cl\/sitio\/?attachment_id=3356\"  class=\"wp-image-3356 pk-lazyload\"  data-pk-sizes=\"auto\"  data-ls-sizes=\"auto, (max-width: 1160px) 100vw, 1160px\"  data-pk-src=\"https:\/\/www.magazineimagentotal.cl\/sitio\/wp-content\/uploads\/2020\/09\/7-1160x773.jpg\"  data-pk-srcset=\"https:\/\/www.magazineimagentotal.cl\/sitio\/wp-content\/uploads\/2020\/09\/7-1160x773.jpg 1160w, https:\/\/www.magazineimagentotal.cl\/sitio\/wp-content\/uploads\/2020\/09\/7-800x533.jpg 800w, https:\/\/www.magazineimagentotal.cl\/sitio\/wp-content\/uploads\/2020\/09\/7-120x80.jpg 120w, https:\/\/www.magazineimagentotal.cl\/sitio\/wp-content\/uploads\/2020\/09\/7-90x60.jpg 90w, https:\/\/www.magazineimagentotal.cl\/sitio\/wp-content\/uploads\/2020\/09\/7-320x213.jpg 320w, https:\/\/www.magazineimagentotal.cl\/sitio\/wp-content\/uploads\/2020\/09\/7-560x373.jpg 560w, https:\/\/www.magazineimagentotal.cl\/sitio\/wp-content\/uploads\/2020\/09\/7.jpg 1200w\" ><\/figure><\/li><li class=\"blocks-gallery-item\"><figure><img  loading=\"lazy\"  decoding=\"async\"  width=\"800\"  height=\"1200\"  src=\"data:image\/png;base64,iVBORw0KGgoAAAANSUhEUgAAAAEAAAABAQMAAAAl21bKAAAAA1BMVEUAAP+KeNJXAAAAAXRSTlMAQObYZgAAAAlwSFlzAAAOxAAADsQBlSsOGwAAAApJREFUCNdjYAAAAAIAAeIhvDMAAAAASUVORK5CYII=\"  alt=\"\"  data-id=\"3355\"  data-full-url=\"https:\/\/www.magazineimagentotal.cl\/sitio\/wp-content\/uploads\/2020\/09\/13.jpg\"  data-link=\"https:\/\/www.magazineimagentotal.cl\/sitio\/?attachment_id=3355\"  class=\"wp-image-3355 pk-lazyload\"  data-pk-sizes=\"auto\"  data-ls-sizes=\"auto, (max-width: 800px) 100vw, 800px\"  data-pk-src=\"https:\/\/www.magazineimagentotal.cl\/sitio\/wp-content\/uploads\/2020\/09\/13.jpg\"  data-pk-srcset=\"https:\/\/www.magazineimagentotal.cl\/sitio\/wp-content\/uploads\/2020\/09\/13.jpg 800w, https:\/\/www.magazineimagentotal.cl\/sitio\/wp-content\/uploads\/2020\/09\/13-120x180.jpg 120w, https:\/\/www.magazineimagentotal.cl\/sitio\/wp-content\/uploads\/2020\/09\/13-90x135.jpg 90w, https:\/\/www.magazineimagentotal.cl\/sitio\/wp-content\/uploads\/2020\/09\/13-320x480.jpg 320w, https:\/\/www.magazineimagentotal.cl\/sitio\/wp-content\/uploads\/2020\/09\/13-560x840.jpg 560w\" ><\/figure><\/li><\/ul><\/figure>\n","protected":false},"excerpt":{"rendered":"<p>Laura Ferreyra es una reconocida estilista de R\u00edo Cuarto, provincia de C\u00f3rdoba, Argentina.Desde chica siempre le gust\u00f3 todo lo referente al arte y lo manual. No sab\u00eda que iba a&hellip;<\/p>\n","protected":false},"author":3,"featured_media":3347,"comment_status":"open","ping_status":"open","sticky":false,"template":"","format":"standard","meta":{"footnotes":""},"categories":[7,8,11],"tags":[],"powerkit_post_featured":[],"class_list":{"0":"post-3346","1":"post","2":"type-post","3":"status-publish","4":"format-standard","5":"has-post-thumbnail","7":"category-actualidad-entrevistas","8":"category-entrevistas","9":"category-peluqueria-colecciones"},"_links":{"self":[{"href":"https:\/\/www.magazineimagentotal.cl\/sitio\/wp-json\/wp\/v2\/posts\/3346","targetHints":{"allow":["GET"]}}],"collection":[{"href":"https:\/\/www.magazineimagentotal.cl\/sitio\/wp-json\/wp\/v2\/posts"}],"about":[{"href":"https:\/\/www.magazineimagentotal.cl\/sitio\/wp-json\/wp\/v2\/types\/post"}],"author":[{"embeddable":true,"href":"https:\/\/www.magazineimagentotal.cl\/sitio\/wp-json\/wp\/v2\/users\/3"}],"replies":[{"embeddable":true,"href":"https:\/\/www.magazineimagentotal.cl\/sitio\/wp-json\/wp\/v2\/comments?post=3346"}],"version-history":[{"count":1,"href":"https:\/\/www.magazineimagentotal.cl\/sitio\/wp-json\/wp\/v2\/posts\/3346\/revisions"}],"predecessor-version":[{"id":3362,"href":"https:\/\/www.magazineimagentotal.cl\/sitio\/wp-json\/wp\/v2\/posts\/3346\/revisions\/3362"}],"wp:featuredmedia":[{"embeddable":true,"href":"https:\/\/www.magazineimagentotal.cl\/sitio\/wp-json\/wp\/v2\/media\/3347"}],"wp:attachment":[{"href":"https:\/\/www.magazineimagentotal.cl\/sitio\/wp-json\/wp\/v2\/media?parent=3346"}],"wp:term":[{"taxonomy":"category","embeddable":true,"href":"https:\/\/www.magazineimagentotal.cl\/sitio\/wp-json\/wp\/v2\/categories?post=3346"},{"taxonomy":"post_tag","embeddable":true,"href":"https:\/\/www.magazineimagentotal.cl\/sitio\/wp-json\/wp\/v2\/tags?post=3346"},{"taxonomy":"powerkit_post_featured","embeddable":true,"href":"https:\/\/www.magazineimagentotal.cl\/sitio\/wp-json\/wp\/v2\/powerkit_post_featured?post=3346"}],"curies":[{"name":"wp","href":"https:\/\/api.w.org\/{rel}","templated":true}]}}