{"id":3413,"date":"2020-09-24T20:41:23","date_gmt":"2020-09-24T23:41:23","guid":{"rendered":"https:\/\/www.magazineimagentotal.cl\/sitio\/?p=3413"},"modified":"2020-09-24T20:41:24","modified_gmt":"2020-09-24T23:41:24","slug":"spring-by-olga-garcia","status":"publish","type":"post","link":"https:\/\/www.magazineimagentotal.cl\/sitio\/spring-by-olga-garcia\/","title":{"rendered":"Spring by Olga Garc\u00eda"},"content":{"rendered":"\n<p class=\"has-text-color has-very-dark-gray-color\">Con la llegada de la primavera, esta colecci\u00f3n espa\u00f1ola nos deslumbra con su frescura y juventud. Dirigida a las novias modernas y rom\u00e1nticas que desbordan elegancia.<\/p>\n\n\n\n<figure class=\"wp-block-gallery columns-3 is-cropped wp-block-gallery-1 is-layout-flex wp-block-gallery-is-layout-flex\"><ul class=\"blocks-gallery-grid\"><li class=\"blocks-gallery-item\"><figure><a href=\"https:\/\/www.magazineimagentotal.cl\/sitio\/wp-content\/uploads\/2020\/09\/SPRING-@Olga-Garcia-Estilistas-1.jpg\"><img  loading=\"lazy\"  decoding=\"async\"  width=\"585\"  height=\"886\"  src=\"data:image\/png;base64,iVBORw0KGgoAAAANSUhEUgAAAAEAAAABAQMAAAAl21bKAAAAA1BMVEUAAP+KeNJXAAAAAXRSTlMAQObYZgAAAAlwSFlzAAAOxAAADsQBlSsOGwAAAApJREFUCNdjYAAAAAIAAeIhvDMAAAAASUVORK5CYII=\"  alt=\"\"  data-id=\"3414\"  data-full-url=\"https:\/\/www.magazineimagentotal.cl\/sitio\/wp-content\/uploads\/2020\/09\/SPRING-@Olga-Garcia-Estilistas-1.jpg\"  data-link=\"https:\/\/www.magazineimagentotal.cl\/sitio\/?attachment_id=3414\"  class=\"wp-image-3414 pk-lazyload\"  data-pk-sizes=\"auto\"  data-ls-sizes=\"auto, (max-width: 585px) 100vw, 585px\"  data-pk-src=\"https:\/\/www.magazineimagentotal.cl\/sitio\/wp-content\/uploads\/2020\/09\/SPRING-@Olga-Garcia-Estilistas-1.jpg\"  data-pk-srcset=\"https:\/\/www.magazineimagentotal.cl\/sitio\/wp-content\/uploads\/2020\/09\/SPRING-@Olga-Garcia-Estilistas-1.jpg 585w, https:\/\/www.magazineimagentotal.cl\/sitio\/wp-content\/uploads\/2020\/09\/SPRING-@Olga-Garcia-Estilistas-1-120x182.jpg 120w, https:\/\/www.magazineimagentotal.cl\/sitio\/wp-content\/uploads\/2020\/09\/SPRING-@Olga-Garcia-Estilistas-1-90x136.jpg 90w, https:\/\/www.magazineimagentotal.cl\/sitio\/wp-content\/uploads\/2020\/09\/SPRING-@Olga-Garcia-Estilistas-1-320x485.jpg 320w, https:\/\/www.magazineimagentotal.cl\/sitio\/wp-content\/uploads\/2020\/09\/SPRING-@Olga-Garcia-Estilistas-1-560x848.jpg 560w\" ><\/a><\/figure><\/li><li class=\"blocks-gallery-item\"><figure><a href=\"https:\/\/www.magazineimagentotal.cl\/sitio\/wp-content\/uploads\/2020\/09\/SPRING-@Olga-Garcia-Estilistas-2.jpg\"><img  loading=\"lazy\"  decoding=\"async\"  width=\"585\"  height=\"886\"  src=\"data:image\/png;base64,iVBORw0KGgoAAAANSUhEUgAAAAEAAAABAQMAAAAl21bKAAAAA1BMVEUAAP+KeNJXAAAAAXRSTlMAQObYZgAAAAlwSFlzAAAOxAAADsQBlSsOGwAAAApJREFUCNdjYAAAAAIAAeIhvDMAAAAASUVORK5CYII=\"  alt=\"\"  data-id=\"3415\"  data-full-url=\"https:\/\/www.magazineimagentotal.cl\/sitio\/wp-content\/uploads\/2020\/09\/SPRING-@Olga-Garcia-Estilistas-2.jpg\"  data-link=\"https:\/\/www.magazineimagentotal.cl\/sitio\/?attachment_id=3415\"  class=\"wp-image-3415 pk-lazyload\"  data-pk-sizes=\"auto\"  data-ls-sizes=\"auto, (max-width: 585px) 100vw, 585px\"  data-pk-src=\"https:\/\/www.magazineimagentotal.cl\/sitio\/wp-content\/uploads\/2020\/09\/SPRING-@Olga-Garcia-Estilistas-2.jpg\"  data-pk-srcset=\"https:\/\/www.magazineimagentotal.cl\/sitio\/wp-content\/uploads\/2020\/09\/SPRING-@Olga-Garcia-Estilistas-2.jpg 585w, https:\/\/www.magazineimagentotal.cl\/sitio\/wp-content\/uploads\/2020\/09\/SPRING-@Olga-Garcia-Estilistas-2-120x182.jpg 120w, https:\/\/www.magazineimagentotal.cl\/sitio\/wp-content\/uploads\/2020\/09\/SPRING-@Olga-Garcia-Estilistas-2-90x136.jpg 90w, https:\/\/www.magazineimagentotal.cl\/sitio\/wp-content\/uploads\/2020\/09\/SPRING-@Olga-Garcia-Estilistas-2-320x485.jpg 320w, https:\/\/www.magazineimagentotal.cl\/sitio\/wp-content\/uploads\/2020\/09\/SPRING-@Olga-Garcia-Estilistas-2-560x848.jpg 560w\" ><\/a><\/figure><\/li><li class=\"blocks-gallery-item\"><figure><a href=\"https:\/\/www.magazineimagentotal.cl\/sitio\/wp-content\/uploads\/2020\/09\/SPRING-@Olga-Garcia-Estilistas-3.jpg\"><img  loading=\"lazy\"  decoding=\"async\"  width=\"585\"  height=\"886\"  src=\"data:image\/png;base64,iVBORw0KGgoAAAANSUhEUgAAAAEAAAABAQMAAAAl21bKAAAAA1BMVEUAAP+KeNJXAAAAAXRSTlMAQObYZgAAAAlwSFlzAAAOxAAADsQBlSsOGwAAAApJREFUCNdjYAAAAAIAAeIhvDMAAAAASUVORK5CYII=\"  alt=\"\"  data-id=\"3416\"  data-full-url=\"https:\/\/www.magazineimagentotal.cl\/sitio\/wp-content\/uploads\/2020\/09\/SPRING-@Olga-Garcia-Estilistas-3.jpg\"  data-link=\"https:\/\/www.magazineimagentotal.cl\/sitio\/?attachment_id=3416\"  class=\"wp-image-3416 pk-lazyload\"  data-pk-sizes=\"auto\"  data-ls-sizes=\"auto, (max-width: 585px) 100vw, 585px\"  data-pk-src=\"https:\/\/www.magazineimagentotal.cl\/sitio\/wp-content\/uploads\/2020\/09\/SPRING-@Olga-Garcia-Estilistas-3.jpg\"  data-pk-srcset=\"https:\/\/www.magazineimagentotal.cl\/sitio\/wp-content\/uploads\/2020\/09\/SPRING-@Olga-Garcia-Estilistas-3.jpg 585w, https:\/\/www.magazineimagentotal.cl\/sitio\/wp-content\/uploads\/2020\/09\/SPRING-@Olga-Garcia-Estilistas-3-120x182.jpg 120w, https:\/\/www.magazineimagentotal.cl\/sitio\/wp-content\/uploads\/2020\/09\/SPRING-@Olga-Garcia-Estilistas-3-90x136.jpg 90w, https:\/\/www.magazineimagentotal.cl\/sitio\/wp-content\/uploads\/2020\/09\/SPRING-@Olga-Garcia-Estilistas-3-320x485.jpg 320w, https:\/\/www.magazineimagentotal.cl\/sitio\/wp-content\/uploads\/2020\/09\/SPRING-@Olga-Garcia-Estilistas-3-560x848.jpg 560w\" ><\/a><\/figure><\/li><li class=\"blocks-gallery-item\"><figure><a href=\"https:\/\/www.magazineimagentotal.cl\/sitio\/wp-content\/uploads\/2020\/09\/SPRING-@Olga-Garcia-Estilistas-4.jpg\"><img  loading=\"lazy\"  decoding=\"async\"  width=\"585\"  height=\"886\"  src=\"data:image\/png;base64,iVBORw0KGgoAAAANSUhEUgAAAAEAAAABAQMAAAAl21bKAAAAA1BMVEUAAP+KeNJXAAAAAXRSTlMAQObYZgAAAAlwSFlzAAAOxAAADsQBlSsOGwAAAApJREFUCNdjYAAAAAIAAeIhvDMAAAAASUVORK5CYII=\"  alt=\"\"  data-id=\"3417\"  data-full-url=\"https:\/\/www.magazineimagentotal.cl\/sitio\/wp-content\/uploads\/2020\/09\/SPRING-@Olga-Garcia-Estilistas-4.jpg\"  data-link=\"https:\/\/www.magazineimagentotal.cl\/sitio\/?attachment_id=3417\"  class=\"wp-image-3417 pk-lazyload\"  data-pk-sizes=\"auto\"  data-ls-sizes=\"auto, (max-width: 585px) 100vw, 585px\"  data-pk-src=\"https:\/\/www.magazineimagentotal.cl\/sitio\/wp-content\/uploads\/2020\/09\/SPRING-@Olga-Garcia-Estilistas-4.jpg\"  data-pk-srcset=\"https:\/\/www.magazineimagentotal.cl\/sitio\/wp-content\/uploads\/2020\/09\/SPRING-@Olga-Garcia-Estilistas-4.jpg 585w, https:\/\/www.magazineimagentotal.cl\/sitio\/wp-content\/uploads\/2020\/09\/SPRING-@Olga-Garcia-Estilistas-4-120x182.jpg 120w, https:\/\/www.magazineimagentotal.cl\/sitio\/wp-content\/uploads\/2020\/09\/SPRING-@Olga-Garcia-Estilistas-4-90x136.jpg 90w, https:\/\/www.magazineimagentotal.cl\/sitio\/wp-content\/uploads\/2020\/09\/SPRING-@Olga-Garcia-Estilistas-4-320x485.jpg 320w, https:\/\/www.magazineimagentotal.cl\/sitio\/wp-content\/uploads\/2020\/09\/SPRING-@Olga-Garcia-Estilistas-4-560x848.jpg 560w\" ><\/a><\/figure><\/li><li class=\"blocks-gallery-item\"><figure><a href=\"https:\/\/www.magazineimagentotal.cl\/sitio\/wp-content\/uploads\/2020\/09\/SPRING-@Olga-Garcia-Estilistas-5.jpg\"><img  loading=\"lazy\"  decoding=\"async\"  width=\"585\"  height=\"886\"  src=\"data:image\/png;base64,iVBORw0KGgoAAAANSUhEUgAAAAEAAAABAQMAAAAl21bKAAAAA1BMVEUAAP+KeNJXAAAAAXRSTlMAQObYZgAAAAlwSFlzAAAOxAAADsQBlSsOGwAAAApJREFUCNdjYAAAAAIAAeIhvDMAAAAASUVORK5CYII=\"  alt=\"\"  data-id=\"3418\"  data-full-url=\"https:\/\/www.magazineimagentotal.cl\/sitio\/wp-content\/uploads\/2020\/09\/SPRING-@Olga-Garcia-Estilistas-5.jpg\"  data-link=\"https:\/\/www.magazineimagentotal.cl\/sitio\/?attachment_id=3418\"  class=\"wp-image-3418 pk-lazyload\"  data-pk-sizes=\"auto\"  data-ls-sizes=\"auto, (max-width: 585px) 100vw, 585px\"  data-pk-src=\"https:\/\/www.magazineimagentotal.cl\/sitio\/wp-content\/uploads\/2020\/09\/SPRING-@Olga-Garcia-Estilistas-5.jpg\"  data-pk-srcset=\"https:\/\/www.magazineimagentotal.cl\/sitio\/wp-content\/uploads\/2020\/09\/SPRING-@Olga-Garcia-Estilistas-5.jpg 585w, https:\/\/www.magazineimagentotal.cl\/sitio\/wp-content\/uploads\/2020\/09\/SPRING-@Olga-Garcia-Estilistas-5-120x182.jpg 120w, https:\/\/www.magazineimagentotal.cl\/sitio\/wp-content\/uploads\/2020\/09\/SPRING-@Olga-Garcia-Estilistas-5-90x136.jpg 90w, https:\/\/www.magazineimagentotal.cl\/sitio\/wp-content\/uploads\/2020\/09\/SPRING-@Olga-Garcia-Estilistas-5-320x485.jpg 320w, https:\/\/www.magazineimagentotal.cl\/sitio\/wp-content\/uploads\/2020\/09\/SPRING-@Olga-Garcia-Estilistas-5-560x848.jpg 560w\" ><\/a><\/figure><\/li><li class=\"blocks-gallery-item\"><figure><a href=\"https:\/\/www.magazineimagentotal.cl\/sitio\/wp-content\/uploads\/2020\/09\/SPRING-@Olga-Garcia-Estilistas-6.jpg\"><img  loading=\"lazy\"  decoding=\"async\"  width=\"585\"  height=\"886\"  src=\"data:image\/png;base64,iVBORw0KGgoAAAANSUhEUgAAAAEAAAABAQMAAAAl21bKAAAAA1BMVEUAAP+KeNJXAAAAAXRSTlMAQObYZgAAAAlwSFlzAAAOxAAADsQBlSsOGwAAAApJREFUCNdjYAAAAAIAAeIhvDMAAAAASUVORK5CYII=\"  alt=\"\"  data-id=\"3419\"  data-full-url=\"https:\/\/www.magazineimagentotal.cl\/sitio\/wp-content\/uploads\/2020\/09\/SPRING-@Olga-Garcia-Estilistas-6.jpg\"  data-link=\"https:\/\/www.magazineimagentotal.cl\/sitio\/?attachment_id=3419\"  class=\"wp-image-3419 pk-lazyload\"  data-pk-sizes=\"auto\"  data-ls-sizes=\"auto, (max-width: 585px) 100vw, 585px\"  data-pk-src=\"https:\/\/www.magazineimagentotal.cl\/sitio\/wp-content\/uploads\/2020\/09\/SPRING-@Olga-Garcia-Estilistas-6.jpg\"  data-pk-srcset=\"https:\/\/www.magazineimagentotal.cl\/sitio\/wp-content\/uploads\/2020\/09\/SPRING-@Olga-Garcia-Estilistas-6.jpg 585w, https:\/\/www.magazineimagentotal.cl\/sitio\/wp-content\/uploads\/2020\/09\/SPRING-@Olga-Garcia-Estilistas-6-120x182.jpg 120w, https:\/\/www.magazineimagentotal.cl\/sitio\/wp-content\/uploads\/2020\/09\/SPRING-@Olga-Garcia-Estilistas-6-90x136.jpg 90w, https:\/\/www.magazineimagentotal.cl\/sitio\/wp-content\/uploads\/2020\/09\/SPRING-@Olga-Garcia-Estilistas-6-320x485.jpg 320w, https:\/\/www.magazineimagentotal.cl\/sitio\/wp-content\/uploads\/2020\/09\/SPRING-@Olga-Garcia-Estilistas-6-560x848.jpg 560w\" ><\/a><\/figure><\/li><\/ul><\/figure>\n\n\n\n<p class=\"has-text-color has-very-dark-gray-color\"><strong>Peluquer\u00eda<\/strong>: Olga Garc\u00eda.<br><strong>Fotograf\u00eda<\/strong>: David Arnal.<br><strong>Make Up<\/strong>: Wilder Rodr\u00edguez.<br><strong>Estilismo<\/strong>: Aaron Gil.<\/p>\n","protected":false},"excerpt":{"rendered":"<p>Con la llegada de la primavera, esta colecci\u00f3n espa\u00f1ola nos deslumbra con su frescura y juventud. Dirigida a las novias modernas y rom\u00e1nticas que desbordan elegancia. Peluquer\u00eda: Olga Garc\u00eda.Fotograf\u00eda: David&hellip;<\/p>\n","protected":false},"author":3,"featured_media":3414,"comment_status":"open","ping_status":"open","sticky":false,"template":"","format":"standard","meta":{"footnotes":""},"categories":[11],"tags":[],"powerkit_post_featured":[],"class_list":{"0":"post-3413","1":"post","2":"type-post","3":"status-publish","4":"format-standard","5":"has-post-thumbnail","7":"category-peluqueria-colecciones"},"_links":{"self":[{"href":"https:\/\/www.magazineimagentotal.cl\/sitio\/wp-json\/wp\/v2\/posts\/3413","targetHints":{"allow":["GET"]}}],"collection":[{"href":"https:\/\/www.magazineimagentotal.cl\/sitio\/wp-json\/wp\/v2\/posts"}],"about":[{"href":"https:\/\/www.magazineimagentotal.cl\/sitio\/wp-json\/wp\/v2\/types\/post"}],"author":[{"embeddable":true,"href":"https:\/\/www.magazineimagentotal.cl\/sitio\/wp-json\/wp\/v2\/users\/3"}],"replies":[{"embeddable":true,"href":"https:\/\/www.magazineimagentotal.cl\/sitio\/wp-json\/wp\/v2\/comments?post=3413"}],"version-history":[{"count":1,"href":"https:\/\/www.magazineimagentotal.cl\/sitio\/wp-json\/wp\/v2\/posts\/3413\/revisions"}],"predecessor-version":[{"id":3420,"href":"https:\/\/www.magazineimagentotal.cl\/sitio\/wp-json\/wp\/v2\/posts\/3413\/revisions\/3420"}],"wp:featuredmedia":[{"embeddable":true,"href":"https:\/\/www.magazineimagentotal.cl\/sitio\/wp-json\/wp\/v2\/media\/3414"}],"wp:attachment":[{"href":"https:\/\/www.magazineimagentotal.cl\/sitio\/wp-json\/wp\/v2\/media?parent=3413"}],"wp:term":[{"taxonomy":"category","embeddable":true,"href":"https:\/\/www.magazineimagentotal.cl\/sitio\/wp-json\/wp\/v2\/categories?post=3413"},{"taxonomy":"post_tag","embeddable":true,"href":"https:\/\/www.magazineimagentotal.cl\/sitio\/wp-json\/wp\/v2\/tags?post=3413"},{"taxonomy":"powerkit_post_featured","embeddable":true,"href":"https:\/\/www.magazineimagentotal.cl\/sitio\/wp-json\/wp\/v2\/powerkit_post_featured?post=3413"}],"curies":[{"name":"wp","href":"https:\/\/api.w.org\/{rel}","templated":true}]}}