{"id":3421,"date":"2020-09-24T20:46:16","date_gmt":"2020-09-24T23:46:16","guid":{"rendered":"https:\/\/www.magazineimagentotal.cl\/sitio\/?p=3421"},"modified":"2020-09-24T20:46:17","modified_gmt":"2020-09-24T23:46:17","slug":"recogidos-top-que-potencian-el-rostro-y-la-mirada","status":"publish","type":"post","link":"https:\/\/www.magazineimagentotal.cl\/sitio\/recogidos-top-que-potencian-el-rostro-y-la-mirada\/","title":{"rendered":"Recogidos top que potencian el rostro y la mirada"},"content":{"rendered":"\n<p class=\"has-text-color has-very-dark-gray-color\">Los recogidos est\u00e1n al alza para llevarlos cada d\u00eda y qu\u00e9 bien porque nos facilitan la vida. Son f\u00e1ciles de hacer, c\u00f3modos de llevar y adem\u00e1s nos salvan el look muchos d\u00edas. Puede que te levantes con el pelo amotinado y tengas una reuni\u00f3n urgente, una videollamada inesperada o simplemente quieras verte diferente sin tener que invertir mucho tiempo. Estos sencillos recogidos ayudar\u00e1n a tus clientes a verse bien y sentirse mejor, la clave para darle la vuelta a un mal d\u00eda.<\/p>\n\n\n\n<p class=\"has-text-color has-very-dark-gray-color\"><strong>Coleta baja, altos resultados<br><\/strong>Las coletas son un b\u00e1sico a la hora de recogerse el pelo, lo que no significa que el resultado no vaya a ser cool. \u201cLos acabados o complementos son lo que las hace m\u00e1s o menos sofisticadas. Si buscas un acabado pulido, cepilla bien tu pelo, marca la raya en el medio o a un lado y hazte la coleta. Para mejorarla y que se vea mejor, apl\u00edcate laca y un coletero joya o un lazo. Nadie podr\u00e1 decir que no vas bien peinada y lo habr\u00e1s conseguido en 5 minutos\u201d, asegura Raquel Saiz, directora de Sal\u00f3n Blue en Torrelavega (Cantabria).<\/p>\n\n\n\n<div class=\"wp-block-image\"><figure class=\"aligncenter size-large is-resized\"><img  loading=\"lazy\"  decoding=\"async\"  src=\"data:image\/png;base64,iVBORw0KGgoAAAANSUhEUgAAAAEAAAABAQMAAAAl21bKAAAAA1BMVEUAAP+KeNJXAAAAAXRSTlMAQObYZgAAAAlwSFlzAAAOxAAADsQBlSsOGwAAAApJREFUCNdjYAAAAAIAAeIhvDMAAAAASUVORK5CYII=\"  alt=\"\"  class=\"wp-image-3424 pk-lazyload\"  width=\"533\"  height=\"615\"  data-pk-sizes=\"auto\"  data-ls-sizes=\"auto, (max-width: 533px) 100vw, 533px\"  data-pk-src=\"https:\/\/www.magazineimagentotal.cl\/sitio\/wp-content\/uploads\/2020\/09\/FOTO-1-RAQUEL_SAIZ.jpg\"  data-pk-srcset=\"https:\/\/www.magazineimagentotal.cl\/sitio\/wp-content\/uploads\/2020\/09\/FOTO-1-RAQUEL_SAIZ.jpg 924w, https:\/\/www.magazineimagentotal.cl\/sitio\/wp-content\/uploads\/2020\/09\/FOTO-1-RAQUEL_SAIZ-800x924.jpg 800w, https:\/\/www.magazineimagentotal.cl\/sitio\/wp-content\/uploads\/2020\/09\/FOTO-1-RAQUEL_SAIZ-120x139.jpg 120w, https:\/\/www.magazineimagentotal.cl\/sitio\/wp-content\/uploads\/2020\/09\/FOTO-1-RAQUEL_SAIZ-90x104.jpg 90w, https:\/\/www.magazineimagentotal.cl\/sitio\/wp-content\/uploads\/2020\/09\/FOTO-1-RAQUEL_SAIZ-320x370.jpg 320w, https:\/\/www.magazineimagentotal.cl\/sitio\/wp-content\/uploads\/2020\/09\/FOTO-1-RAQUEL_SAIZ-560x647.jpg 560w\" ><\/figure><\/div>\n\n\n\n<p class=\"has-text-color has-very-dark-gray-color\"><strong>Efecto wet, el efecto m\u00e1s cool<br><\/strong>Otro de los recogidos de la temporada se consigue con el efecto wet, ese acabado con aspecto h\u00famedo que resuelve cualquier contratiempo. \u201cNo es la primera vez que es tendencia, pero \u00bfqui\u00e9n no recuerda una noche con este look tan fresco? Un truco para lograr un acabado perfecto es aplicar la cera o la gomina con el cabello seco y bien peinado hacia atr\u00e1s. Para rematarlo y recoger los pelos rebeldes, le daremos un toque de secador, mientras repasamos con la mano para que quede perfecto. Adem\u00e1s, podemos jugar con las texturas, una opci\u00f3n es que toda la melena lleve ese efecto h\u00famedo, la otra es aplicarlo a la parte superior y lateral de la cabeza y dejar la parte m\u00e1s larga con un efecto m\u00e1s natural\u201d, confiesa Alexander Kiryliuk del sal\u00f3n SK Style Barcelona en Barcelona.<\/p>\n\n\n\n<div class=\"wp-block-image\"><figure class=\"aligncenter size-large is-resized\"><img  loading=\"lazy\"  decoding=\"async\"  src=\"data:image\/png;base64,iVBORw0KGgoAAAANSUhEUgAAAAEAAAABAQMAAAAl21bKAAAAA1BMVEUAAP+KeNJXAAAAAXRSTlMAQObYZgAAAAlwSFlzAAAOxAAADsQBlSsOGwAAAApJREFUCNdjYAAAAAIAAeIhvDMAAAAASUVORK5CYII=\"  alt=\"\"  class=\"wp-image-3423 pk-lazyload\"  width=\"368\"  height=\"557\"  data-pk-sizes=\"auto\"  data-ls-sizes=\"auto, (max-width: 368px) 100vw, 368px\"  data-pk-src=\"https:\/\/www.magazineimagentotal.cl\/sitio\/wp-content\/uploads\/2020\/09\/FOTO-2-Alexander-Kiryliuk.jpg\"  data-pk-srcset=\"https:\/\/www.magazineimagentotal.cl\/sitio\/wp-content\/uploads\/2020\/09\/FOTO-2-Alexander-Kiryliuk.jpg 585w, https:\/\/www.magazineimagentotal.cl\/sitio\/wp-content\/uploads\/2020\/09\/FOTO-2-Alexander-Kiryliuk-120x182.jpg 120w, https:\/\/www.magazineimagentotal.cl\/sitio\/wp-content\/uploads\/2020\/09\/FOTO-2-Alexander-Kiryliuk-90x136.jpg 90w, https:\/\/www.magazineimagentotal.cl\/sitio\/wp-content\/uploads\/2020\/09\/FOTO-2-Alexander-Kiryliuk-320x485.jpg 320w, https:\/\/www.magazineimagentotal.cl\/sitio\/wp-content\/uploads\/2020\/09\/FOTO-2-Alexander-Kiryliuk-560x848.jpg 560w\" ><\/figure><\/div>\n\n\n\n<p class=\"has-text-color has-very-dark-gray-color\"><strong>Trenzas<\/strong><br>Las trenzas siguen su apogeo y es una de las grandes apuestas de la temporada con infinidad de estilos. Si no sabes c\u00f3mo peinarte o necesitas arreglarte el pelo: \u201clas trenzas son un recogido muy socorrido y con muchas posibilidades para adaptarse a los diferentes tipos de rostro\u201d, dice Mar\u00eda Jos\u00e9 Llata de Peluquer\u00eda Llata Carrera en Santa Cruz de Bezana (Cantabria), \u201clas podemos hacer naturales con mechones sueltos cerca del rostro, de ra\u00edz, en forma de corona para las m\u00e1s rom\u00e1nticas, con un lazo o pa\u00f1uelo en vez de una goma, muy pulidas y bien recogidas y tambi\u00e9n solo en los laterales para hacer un semirrecogido\u201d. Solo es cuesti\u00f3n de conocer qu\u00e9 va con tu estilo y con la forma de tu cara.<\/p>\n\n\n\n<div class=\"wp-block-image\"><figure class=\"aligncenter size-large is-resized\"><img  loading=\"lazy\"  decoding=\"async\"  src=\"data:image\/png;base64,iVBORw0KGgoAAAANSUhEUgAAAAEAAAABAQMAAAAl21bKAAAAA1BMVEUAAP+KeNJXAAAAAXRSTlMAQObYZgAAAAlwSFlzAAAOxAAADsQBlSsOGwAAAApJREFUCNdjYAAAAAIAAeIhvDMAAAAASUVORK5CYII=\"  alt=\"\"  class=\"wp-image-3422 pk-lazyload\"  width=\"379\"  height=\"473\"  data-pk-sizes=\"auto\"  data-ls-sizes=\"auto, (max-width: 379px) 100vw, 379px\"  data-pk-src=\"https:\/\/www.magazineimagentotal.cl\/sitio\/wp-content\/uploads\/2020\/09\/FOTO-3-MAR\u00cdA_JOS\u00c9_LLATA.jpg\"  data-pk-srcset=\"https:\/\/www.magazineimagentotal.cl\/sitio\/wp-content\/uploads\/2020\/09\/FOTO-3-MAR\u00cdA_JOS\u00c9_LLATA.jpg 1080w, https:\/\/www.magazineimagentotal.cl\/sitio\/wp-content\/uploads\/2020\/09\/FOTO-3-MAR\u00cdA_JOS\u00c9_LLATA-800x999.jpg 800w, https:\/\/www.magazineimagentotal.cl\/sitio\/wp-content\/uploads\/2020\/09\/FOTO-3-MAR\u00cdA_JOS\u00c9_LLATA-120x150.jpg 120w, https:\/\/www.magazineimagentotal.cl\/sitio\/wp-content\/uploads\/2020\/09\/FOTO-3-MAR\u00cdA_JOS\u00c9_LLATA-90x112.jpg 90w, https:\/\/www.magazineimagentotal.cl\/sitio\/wp-content\/uploads\/2020\/09\/FOTO-3-MAR\u00cdA_JOS\u00c9_LLATA-320x400.jpg 320w, https:\/\/www.magazineimagentotal.cl\/sitio\/wp-content\/uploads\/2020\/09\/FOTO-3-MAR\u00cdA_JOS\u00c9_LLATA-560x699.jpg 560w\" ><\/figure><\/div>\n\n\n\n<p class=\"has-text-color has-very-dark-gray-color\"><strong>Asesoraron<\/strong>: Raquel Saiz &#8211; Alexander Kiryliuk &#8211; Mar\u00eda Jos\u00e9 Llata.<\/p>\n","protected":false},"excerpt":{"rendered":"<p>Los recogidos est\u00e1n al alza para llevarlos cada d\u00eda y qu\u00e9 bien porque nos facilitan la vida. Son f\u00e1ciles de hacer, c\u00f3modos de llevar y adem\u00e1s nos salvan el look&hellip;<\/p>\n","protected":false},"author":3,"featured_media":3423,"comment_status":"open","ping_status":"open","sticky":false,"template":"","format":"standard","meta":{"footnotes":""},"categories":[11],"tags":[],"powerkit_post_featured":[],"class_list":{"0":"post-3421","1":"post","2":"type-post","3":"status-publish","4":"format-standard","5":"has-post-thumbnail","7":"category-peluqueria-colecciones"},"_links":{"self":[{"href":"https:\/\/www.magazineimagentotal.cl\/sitio\/wp-json\/wp\/v2\/posts\/3421","targetHints":{"allow":["GET"]}}],"collection":[{"href":"https:\/\/www.magazineimagentotal.cl\/sitio\/wp-json\/wp\/v2\/posts"}],"about":[{"href":"https:\/\/www.magazineimagentotal.cl\/sitio\/wp-json\/wp\/v2\/types\/post"}],"author":[{"embeddable":true,"href":"https:\/\/www.magazineimagentotal.cl\/sitio\/wp-json\/wp\/v2\/users\/3"}],"replies":[{"embeddable":true,"href":"https:\/\/www.magazineimagentotal.cl\/sitio\/wp-json\/wp\/v2\/comments?post=3421"}],"version-history":[{"count":1,"href":"https:\/\/www.magazineimagentotal.cl\/sitio\/wp-json\/wp\/v2\/posts\/3421\/revisions"}],"predecessor-version":[{"id":3425,"href":"https:\/\/www.magazineimagentotal.cl\/sitio\/wp-json\/wp\/v2\/posts\/3421\/revisions\/3425"}],"wp:featuredmedia":[{"embeddable":true,"href":"https:\/\/www.magazineimagentotal.cl\/sitio\/wp-json\/wp\/v2\/media\/3423"}],"wp:attachment":[{"href":"https:\/\/www.magazineimagentotal.cl\/sitio\/wp-json\/wp\/v2\/media?parent=3421"}],"wp:term":[{"taxonomy":"category","embeddable":true,"href":"https:\/\/www.magazineimagentotal.cl\/sitio\/wp-json\/wp\/v2\/categories?post=3421"},{"taxonomy":"post_tag","embeddable":true,"href":"https:\/\/www.magazineimagentotal.cl\/sitio\/wp-json\/wp\/v2\/tags?post=3421"},{"taxonomy":"powerkit_post_featured","embeddable":true,"href":"https:\/\/www.magazineimagentotal.cl\/sitio\/wp-json\/wp\/v2\/powerkit_post_featured?post=3421"}],"curies":[{"name":"wp","href":"https:\/\/api.w.org\/{rel}","templated":true}]}}