{"id":3443,"date":"2020-10-06T11:26:52","date_gmt":"2020-10-06T14:26:52","guid":{"rendered":"https:\/\/www.magazineimagentotal.cl\/sitio\/?p=3443"},"modified":"2020-10-06T11:26:57","modified_gmt":"2020-10-06T14:26:57","slug":"entrevista-veronica-arbues","status":"publish","type":"post","link":"https:\/\/www.magazineimagentotal.cl\/sitio\/entrevista-veronica-arbues\/","title":{"rendered":"Entrevista: Ver\u00f3nica Arbues"},"content":{"rendered":"\n<p class=\"has-text-color has-very-dark-gray-color\">En este mini-repo, la estilista Ver\u00f3nica Arbues de la provincia de San Juan, Argentina, nos<br>cuenta sobre los cambios que se produjeron en su sal\u00f3n a ra\u00edz de la pandemia, la relaci\u00f3n con los clientes, entre otros temas<\/p>\n\n\n\n<p class=\"has-text-color has-very-dark-gray-color\"><strong>-\u00bfQu\u00e9 cambios se produjeron en tu sal\u00f3n a partir del COVID-19?<br><\/strong>Los cambios que se produjeron son: el uso de barbijo y\/ o m\u00e1scaras, tanto para los profesionales como para los clientes, alfombra sanitizante al ingreso del sal\u00f3n, colocaci\u00f3n de alcohol y distanciamiento entre las personas que se encuentran dentro del lugar.<\/p>\n\n\n\n<p class=\"has-text-color has-very-dark-gray-color\"><strong>\u2013 \u00bfC\u00f3mo es la reacci\u00f3n de los clientes al ingresar a tu lugar de trabajo?<br><\/strong>La reacci\u00f3n de los clientes al ingreso del sal\u00f3n es muy aceptada debido a las normas impuestas ante esta situaci\u00f3n.<\/p>\n\n\n\n<p class=\"has-text-color has-very-dark-gray-color\"><strong>\u2013 \u00bfCu\u00e1les son las novedades en cuanto a tu profesi\u00f3n en tiempos de pandemia?<br><\/strong>Las novedades son: el distanciamiento de turnos para que no haya m\u00e1s de 4 personas dentro del sal\u00f3n y eso permita la correcta desinfecci\u00f3n y manejo de circulaci\u00f3n de personas.<\/p>\n\n\n\n<p class=\"has-text-color has-very-dark-gray-color\"><strong>\u2013 \u00bfTe capacitaste durante la pandemia?<br><\/strong>S\u00ed, me capacit\u00e9 en este tiempo de pandemia con diferentes empresas de cosm\u00e9tica capilar como CAV, Wella y L&#8217;Or\u00e9al, entre otras.<\/p>\n\n\n\n<p class=\"has-text-color has-very-dark-gray-color\"><strong>\u2013 \u00bfDe qu\u00e9 manera te posicionaste ante la falta de trabajo a ra\u00edz de la cuarentena?<br><\/strong>Contrariamente a lo que supone una baja en la actividad laboral, San Juan liber\u00f3 nuestra profesi\u00f3n el 28 de abril, lo que permiti\u00f3 un normal ritmo laboral y un incremento muy notorio de clientes. Me abri\u00f3 la posibilidad de trabajar en Calingasta, otra localidad de San Juan (a 180 km de la ciudad), lo que me permiti\u00f3 hacer base en ese lugar.<\/p>\n\n\n\n<figure class=\"wp-block-gallery columns-1 is-cropped wp-block-gallery-1 is-layout-flex wp-block-gallery-is-layout-flex\"><ul class=\"blocks-gallery-grid\"><li class=\"blocks-gallery-item\"><figure><a href=\"https:\/\/www.magazineimagentotal.cl\/sitio\/wp-content\/uploads\/2020\/10\/2.jpeg\"><img  loading=\"lazy\"  decoding=\"async\"  width=\"720\"  height=\"1046\"  src=\"data:image\/png;base64,iVBORw0KGgoAAAANSUhEUgAAAAEAAAABAQMAAAAl21bKAAAAA1BMVEUAAP+KeNJXAAAAAXRSTlMAQObYZgAAAAlwSFlzAAAOxAAADsQBlSsOGwAAAApJREFUCNdjYAAAAAIAAeIhvDMAAAAASUVORK5CYII=\"  alt=\"\"  data-id=\"3445\"  data-full-url=\"https:\/\/www.magazineimagentotal.cl\/sitio\/wp-content\/uploads\/2020\/10\/2.jpeg\"  data-link=\"https:\/\/www.magazineimagentotal.cl\/sitio\/?attachment_id=3445\"  class=\"wp-image-3445 pk-lazyload\"  data-pk-sizes=\"auto\"  data-ls-sizes=\"auto, (max-width: 720px) 100vw, 720px\"  data-pk-src=\"https:\/\/www.magazineimagentotal.cl\/sitio\/wp-content\/uploads\/2020\/10\/2.jpeg\"  data-pk-srcset=\"https:\/\/www.magazineimagentotal.cl\/sitio\/wp-content\/uploads\/2020\/10\/2.jpeg 720w, https:\/\/www.magazineimagentotal.cl\/sitio\/wp-content\/uploads\/2020\/10\/2-120x174.jpeg 120w, https:\/\/www.magazineimagentotal.cl\/sitio\/wp-content\/uploads\/2020\/10\/2-90x131.jpeg 90w, https:\/\/www.magazineimagentotal.cl\/sitio\/wp-content\/uploads\/2020\/10\/2-320x465.jpeg 320w, https:\/\/www.magazineimagentotal.cl\/sitio\/wp-content\/uploads\/2020\/10\/2-560x814.jpeg 560w\" ><\/a><\/figure><\/li><li class=\"blocks-gallery-item\"><figure><a href=\"https:\/\/www.magazineimagentotal.cl\/sitio\/wp-content\/uploads\/2020\/10\/3.jpeg\"><img  loading=\"lazy\"  decoding=\"async\"  width=\"652\"  height=\"501\"  src=\"data:image\/png;base64,iVBORw0KGgoAAAANSUhEUgAAAAEAAAABAQMAAAAl21bKAAAAA1BMVEUAAP+KeNJXAAAAAXRSTlMAQObYZgAAAAlwSFlzAAAOxAAADsQBlSsOGwAAAApJREFUCNdjYAAAAAIAAeIhvDMAAAAASUVORK5CYII=\"  alt=\"\"  data-id=\"3446\"  data-full-url=\"https:\/\/www.magazineimagentotal.cl\/sitio\/wp-content\/uploads\/2020\/10\/3.jpeg\"  data-link=\"https:\/\/www.magazineimagentotal.cl\/sitio\/?attachment_id=3446\"  class=\"wp-image-3446 pk-lazyload\"  data-pk-sizes=\"auto\"  data-ls-sizes=\"auto, (max-width: 652px) 100vw, 652px\"  data-pk-src=\"https:\/\/www.magazineimagentotal.cl\/sitio\/wp-content\/uploads\/2020\/10\/3.jpeg\"  data-pk-srcset=\"https:\/\/www.magazineimagentotal.cl\/sitio\/wp-content\/uploads\/2020\/10\/3.jpeg 652w, https:\/\/www.magazineimagentotal.cl\/sitio\/wp-content\/uploads\/2020\/10\/3-120x92.jpeg 120w, https:\/\/www.magazineimagentotal.cl\/sitio\/wp-content\/uploads\/2020\/10\/3-90x68.jpeg 90w, https:\/\/www.magazineimagentotal.cl\/sitio\/wp-content\/uploads\/2020\/10\/3-320x246.jpeg 320w, https:\/\/www.magazineimagentotal.cl\/sitio\/wp-content\/uploads\/2020\/10\/3-560x430.jpeg 560w\" ><\/a><\/figure><\/li><li class=\"blocks-gallery-item\"><figure><a href=\"https:\/\/www.magazineimagentotal.cl\/sitio\/wp-content\/uploads\/2020\/10\/4.jpeg\"><img  loading=\"lazy\"  decoding=\"async\"  width=\"720\"  height=\"405\"  src=\"data:image\/png;base64,iVBORw0KGgoAAAANSUhEUgAAAAEAAAABAQMAAAAl21bKAAAAA1BMVEUAAP+KeNJXAAAAAXRSTlMAQObYZgAAAAlwSFlzAAAOxAAADsQBlSsOGwAAAApJREFUCNdjYAAAAAIAAeIhvDMAAAAASUVORK5CYII=\"  alt=\"\"  data-id=\"3447\"  data-full-url=\"https:\/\/www.magazineimagentotal.cl\/sitio\/wp-content\/uploads\/2020\/10\/4.jpeg\"  data-link=\"https:\/\/www.magazineimagentotal.cl\/sitio\/?attachment_id=3447\"  class=\"wp-image-3447 pk-lazyload\"  data-pk-sizes=\"auto\"  data-ls-sizes=\"auto, (max-width: 720px) 100vw, 720px\"  data-pk-src=\"https:\/\/www.magazineimagentotal.cl\/sitio\/wp-content\/uploads\/2020\/10\/4.jpeg\"  data-pk-srcset=\"https:\/\/www.magazineimagentotal.cl\/sitio\/wp-content\/uploads\/2020\/10\/4.jpeg 720w, https:\/\/www.magazineimagentotal.cl\/sitio\/wp-content\/uploads\/2020\/10\/4-120x68.jpeg 120w, https:\/\/www.magazineimagentotal.cl\/sitio\/wp-content\/uploads\/2020\/10\/4-90x51.jpeg 90w, https:\/\/www.magazineimagentotal.cl\/sitio\/wp-content\/uploads\/2020\/10\/4-320x180.jpeg 320w, https:\/\/www.magazineimagentotal.cl\/sitio\/wp-content\/uploads\/2020\/10\/4-560x315.jpeg 560w\" ><\/a><\/figure><\/li><\/ul><\/figure>\n","protected":false},"excerpt":{"rendered":"<p>En este mini-repo, la estilista Ver\u00f3nica Arbues de la provincia de San Juan, Argentina, noscuenta sobre los cambios que se produjeron en su sal\u00f3n a ra\u00edz de la pandemia, la&hellip;<\/p>\n","protected":false},"author":3,"featured_media":3444,"comment_status":"open","ping_status":"open","sticky":false,"template":"","format":"standard","meta":{"footnotes":""},"categories":[7,8,11],"tags":[],"powerkit_post_featured":[],"class_list":{"0":"post-3443","1":"post","2":"type-post","3":"status-publish","4":"format-standard","5":"has-post-thumbnail","7":"category-actualidad-entrevistas","8":"category-entrevistas","9":"category-peluqueria-colecciones"},"_links":{"self":[{"href":"https:\/\/www.magazineimagentotal.cl\/sitio\/wp-json\/wp\/v2\/posts\/3443","targetHints":{"allow":["GET"]}}],"collection":[{"href":"https:\/\/www.magazineimagentotal.cl\/sitio\/wp-json\/wp\/v2\/posts"}],"about":[{"href":"https:\/\/www.magazineimagentotal.cl\/sitio\/wp-json\/wp\/v2\/types\/post"}],"author":[{"embeddable":true,"href":"https:\/\/www.magazineimagentotal.cl\/sitio\/wp-json\/wp\/v2\/users\/3"}],"replies":[{"embeddable":true,"href":"https:\/\/www.magazineimagentotal.cl\/sitio\/wp-json\/wp\/v2\/comments?post=3443"}],"version-history":[{"count":1,"href":"https:\/\/www.magazineimagentotal.cl\/sitio\/wp-json\/wp\/v2\/posts\/3443\/revisions"}],"predecessor-version":[{"id":3448,"href":"https:\/\/www.magazineimagentotal.cl\/sitio\/wp-json\/wp\/v2\/posts\/3443\/revisions\/3448"}],"wp:featuredmedia":[{"embeddable":true,"href":"https:\/\/www.magazineimagentotal.cl\/sitio\/wp-json\/wp\/v2\/media\/3444"}],"wp:attachment":[{"href":"https:\/\/www.magazineimagentotal.cl\/sitio\/wp-json\/wp\/v2\/media?parent=3443"}],"wp:term":[{"taxonomy":"category","embeddable":true,"href":"https:\/\/www.magazineimagentotal.cl\/sitio\/wp-json\/wp\/v2\/categories?post=3443"},{"taxonomy":"post_tag","embeddable":true,"href":"https:\/\/www.magazineimagentotal.cl\/sitio\/wp-json\/wp\/v2\/tags?post=3443"},{"taxonomy":"powerkit_post_featured","embeddable":true,"href":"https:\/\/www.magazineimagentotal.cl\/sitio\/wp-json\/wp\/v2\/powerkit_post_featured?post=3443"}],"curies":[{"name":"wp","href":"https:\/\/api.w.org\/{rel}","templated":true}]}}