{"id":3484,"date":"2020-10-06T14:09:12","date_gmt":"2020-10-06T17:09:12","guid":{"rendered":"https:\/\/www.magazineimagentotal.cl\/sitio\/?p=3484"},"modified":"2020-10-06T14:09:13","modified_gmt":"2020-10-06T17:09:13","slug":"wind-by-la-pelu-amparo-fernandez","status":"publish","type":"post","link":"https:\/\/www.magazineimagentotal.cl\/sitio\/wind-by-la-pelu-amparo-fernandez\/","title":{"rendered":"Wind by La Pelu-Amparo Fern\u00e1ndez"},"content":{"rendered":"\n<p class=\"has-text-color has-very-dark-gray-color\">Una colecci\u00f3n que habla de la conexi\u00f3n intangible, pero muy real, entre el cabello y las emociones, una fuerza et\u00e9rea como el viento.<br>Una esencia personal que resurge para compartirse y multiplicarse. El cabello es empoderamiento.<br>Una energ\u00eda invisible y a veces silenciosa, que nos eleva como el viento.<\/p>\n\n\n\n<figure class=\"wp-block-gallery columns-2 is-cropped wp-block-gallery-1 is-layout-flex wp-block-gallery-is-layout-flex\"><ul class=\"blocks-gallery-grid\"><li class=\"blocks-gallery-item\"><figure><a href=\"https:\/\/www.magazineimagentotal.cl\/sitio\/wp-content\/uploads\/2020\/10\/WIND-@La-Pelu-Amparo-Fern\u00e1ndez-1.jpg\"><img  loading=\"lazy\"  decoding=\"async\"  width=\"1160\"  height=\"773\"  src=\"data:image\/png;base64,iVBORw0KGgoAAAANSUhEUgAAAAEAAAABAQMAAAAl21bKAAAAA1BMVEUAAP+KeNJXAAAAAXRSTlMAQObYZgAAAAlwSFlzAAAOxAAADsQBlSsOGwAAAApJREFUCNdjYAAAAAIAAeIhvDMAAAAASUVORK5CYII=\"  alt=\"\"  data-id=\"3485\"  data-full-url=\"https:\/\/www.magazineimagentotal.cl\/sitio\/wp-content\/uploads\/2020\/10\/WIND-@La-Pelu-Amparo-Fern\u00e1ndez-1.jpg\"  data-link=\"https:\/\/www.magazineimagentotal.cl\/sitio\/?attachment_id=3485\"  class=\"wp-image-3485 pk-lazyload\"  data-pk-sizes=\"auto\"  data-ls-sizes=\"auto, (max-width: 1160px) 100vw, 1160px\"  data-pk-src=\"https:\/\/www.magazineimagentotal.cl\/sitio\/wp-content\/uploads\/2020\/10\/WIND-@La-Pelu-Amparo-Fern\u00e1ndez-1-1160x773.jpg\"  data-pk-srcset=\"https:\/\/www.magazineimagentotal.cl\/sitio\/wp-content\/uploads\/2020\/10\/WIND-@La-Pelu-Amparo-Fern\u00e1ndez-1-1160x773.jpg 1160w, https:\/\/www.magazineimagentotal.cl\/sitio\/wp-content\/uploads\/2020\/10\/WIND-@La-Pelu-Amparo-Fern\u00e1ndez-1-800x533.jpg 800w, https:\/\/www.magazineimagentotal.cl\/sitio\/wp-content\/uploads\/2020\/10\/WIND-@La-Pelu-Amparo-Fern\u00e1ndez-1-1536x1024.jpg 1536w, https:\/\/www.magazineimagentotal.cl\/sitio\/wp-content\/uploads\/2020\/10\/WIND-@La-Pelu-Amparo-Fern\u00e1ndez-1-2048x1365.jpg 2048w, https:\/\/www.magazineimagentotal.cl\/sitio\/wp-content\/uploads\/2020\/10\/WIND-@La-Pelu-Amparo-Fern\u00e1ndez-1-120x80.jpg 120w, https:\/\/www.magazineimagentotal.cl\/sitio\/wp-content\/uploads\/2020\/10\/WIND-@La-Pelu-Amparo-Fern\u00e1ndez-1-90x60.jpg 90w, https:\/\/www.magazineimagentotal.cl\/sitio\/wp-content\/uploads\/2020\/10\/WIND-@La-Pelu-Amparo-Fern\u00e1ndez-1-320x213.jpg 320w, https:\/\/www.magazineimagentotal.cl\/sitio\/wp-content\/uploads\/2020\/10\/WIND-@La-Pelu-Amparo-Fern\u00e1ndez-1-560x373.jpg 560w, https:\/\/www.magazineimagentotal.cl\/sitio\/wp-content\/uploads\/2020\/10\/WIND-@La-Pelu-Amparo-Fern\u00e1ndez-1-1920x1280.jpg 1920w, https:\/\/www.magazineimagentotal.cl\/sitio\/wp-content\/uploads\/2020\/10\/WIND-@La-Pelu-Amparo-Fern\u00e1ndez-1.jpg 2220w\" ><\/a><\/figure><\/li><li class=\"blocks-gallery-item\"><figure><a href=\"https:\/\/www.magazineimagentotal.cl\/sitio\/wp-content\/uploads\/2020\/10\/WIND-@La-Pelu-Amparo-Fern\u00e1ndez-2.jpg\"><img  loading=\"lazy\"  decoding=\"async\"  width=\"1160\"  height=\"773\"  src=\"data:image\/png;base64,iVBORw0KGgoAAAANSUhEUgAAAAEAAAABAQMAAAAl21bKAAAAA1BMVEUAAP+KeNJXAAAAAXRSTlMAQObYZgAAAAlwSFlzAAAOxAAADsQBlSsOGwAAAApJREFUCNdjYAAAAAIAAeIhvDMAAAAASUVORK5CYII=\"  alt=\"\"  data-id=\"3486\"  data-full-url=\"https:\/\/www.magazineimagentotal.cl\/sitio\/wp-content\/uploads\/2020\/10\/WIND-@La-Pelu-Amparo-Fern\u00e1ndez-2.jpg\"  data-link=\"https:\/\/www.magazineimagentotal.cl\/sitio\/?attachment_id=3486\"  class=\"wp-image-3486 pk-lazyload\"  data-pk-sizes=\"auto\"  data-ls-sizes=\"auto, (max-width: 1160px) 100vw, 1160px\"  data-pk-src=\"https:\/\/www.magazineimagentotal.cl\/sitio\/wp-content\/uploads\/2020\/10\/WIND-@La-Pelu-Amparo-Fern\u00e1ndez-2-1160x773.jpg\"  data-pk-srcset=\"https:\/\/www.magazineimagentotal.cl\/sitio\/wp-content\/uploads\/2020\/10\/WIND-@La-Pelu-Amparo-Fern\u00e1ndez-2-1160x773.jpg 1160w, https:\/\/www.magazineimagentotal.cl\/sitio\/wp-content\/uploads\/2020\/10\/WIND-@La-Pelu-Amparo-Fern\u00e1ndez-2-800x533.jpg 800w, https:\/\/www.magazineimagentotal.cl\/sitio\/wp-content\/uploads\/2020\/10\/WIND-@La-Pelu-Amparo-Fern\u00e1ndez-2-1536x1024.jpg 1536w, https:\/\/www.magazineimagentotal.cl\/sitio\/wp-content\/uploads\/2020\/10\/WIND-@La-Pelu-Amparo-Fern\u00e1ndez-2-2048x1365.jpg 2048w, https:\/\/www.magazineimagentotal.cl\/sitio\/wp-content\/uploads\/2020\/10\/WIND-@La-Pelu-Amparo-Fern\u00e1ndez-2-120x80.jpg 120w, https:\/\/www.magazineimagentotal.cl\/sitio\/wp-content\/uploads\/2020\/10\/WIND-@La-Pelu-Amparo-Fern\u00e1ndez-2-90x60.jpg 90w, https:\/\/www.magazineimagentotal.cl\/sitio\/wp-content\/uploads\/2020\/10\/WIND-@La-Pelu-Amparo-Fern\u00e1ndez-2-320x213.jpg 320w, https:\/\/www.magazineimagentotal.cl\/sitio\/wp-content\/uploads\/2020\/10\/WIND-@La-Pelu-Amparo-Fern\u00e1ndez-2-560x373.jpg 560w, https:\/\/www.magazineimagentotal.cl\/sitio\/wp-content\/uploads\/2020\/10\/WIND-@La-Pelu-Amparo-Fern\u00e1ndez-2-1920x1280.jpg 1920w, https:\/\/www.magazineimagentotal.cl\/sitio\/wp-content\/uploads\/2020\/10\/WIND-@La-Pelu-Amparo-Fern\u00e1ndez-2.jpg 2220w\" ><\/a><\/figure><\/li><li class=\"blocks-gallery-item\"><figure><a href=\"https:\/\/www.magazineimagentotal.cl\/sitio\/wp-content\/uploads\/2020\/10\/WIND-@La-Pelu-Amparo-Fern\u00e1ndez-3.jpg\"><img  loading=\"lazy\"  decoding=\"async\"  width=\"1160\"  height=\"773\"  src=\"data:image\/png;base64,iVBORw0KGgoAAAANSUhEUgAAAAEAAAABAQMAAAAl21bKAAAAA1BMVEUAAP+KeNJXAAAAAXRSTlMAQObYZgAAAAlwSFlzAAAOxAAADsQBlSsOGwAAAApJREFUCNdjYAAAAAIAAeIhvDMAAAAASUVORK5CYII=\"  alt=\"\"  data-id=\"3487\"  data-full-url=\"https:\/\/www.magazineimagentotal.cl\/sitio\/wp-content\/uploads\/2020\/10\/WIND-@La-Pelu-Amparo-Fern\u00e1ndez-3.jpg\"  data-link=\"https:\/\/www.magazineimagentotal.cl\/sitio\/?attachment_id=3487\"  class=\"wp-image-3487 pk-lazyload\"  data-pk-sizes=\"auto\"  data-ls-sizes=\"auto, (max-width: 1160px) 100vw, 1160px\"  data-pk-src=\"https:\/\/www.magazineimagentotal.cl\/sitio\/wp-content\/uploads\/2020\/10\/WIND-@La-Pelu-Amparo-Fern\u00e1ndez-3-1160x773.jpg\"  data-pk-srcset=\"https:\/\/www.magazineimagentotal.cl\/sitio\/wp-content\/uploads\/2020\/10\/WIND-@La-Pelu-Amparo-Fern\u00e1ndez-3-1160x773.jpg 1160w, https:\/\/www.magazineimagentotal.cl\/sitio\/wp-content\/uploads\/2020\/10\/WIND-@La-Pelu-Amparo-Fern\u00e1ndez-3-800x533.jpg 800w, https:\/\/www.magazineimagentotal.cl\/sitio\/wp-content\/uploads\/2020\/10\/WIND-@La-Pelu-Amparo-Fern\u00e1ndez-3-1536x1024.jpg 1536w, https:\/\/www.magazineimagentotal.cl\/sitio\/wp-content\/uploads\/2020\/10\/WIND-@La-Pelu-Amparo-Fern\u00e1ndez-3-2048x1365.jpg 2048w, https:\/\/www.magazineimagentotal.cl\/sitio\/wp-content\/uploads\/2020\/10\/WIND-@La-Pelu-Amparo-Fern\u00e1ndez-3-120x80.jpg 120w, https:\/\/www.magazineimagentotal.cl\/sitio\/wp-content\/uploads\/2020\/10\/WIND-@La-Pelu-Amparo-Fern\u00e1ndez-3-90x60.jpg 90w, https:\/\/www.magazineimagentotal.cl\/sitio\/wp-content\/uploads\/2020\/10\/WIND-@La-Pelu-Amparo-Fern\u00e1ndez-3-320x213.jpg 320w, https:\/\/www.magazineimagentotal.cl\/sitio\/wp-content\/uploads\/2020\/10\/WIND-@La-Pelu-Amparo-Fern\u00e1ndez-3-560x373.jpg 560w, https:\/\/www.magazineimagentotal.cl\/sitio\/wp-content\/uploads\/2020\/10\/WIND-@La-Pelu-Amparo-Fern\u00e1ndez-3-1920x1280.jpg 1920w, https:\/\/www.magazineimagentotal.cl\/sitio\/wp-content\/uploads\/2020\/10\/WIND-@La-Pelu-Amparo-Fern\u00e1ndez-3.jpg 2220w\" ><\/a><\/figure><\/li><\/ul><\/figure>\n\n\n\n<p class=\"has-text-color has-very-dark-gray-color\"><strong>Peluquer\u00eda<\/strong>: Carolina Romero &amp; Chuss Lojo.<br><strong>Fotograf\u00eda<\/strong>: Pablo Chouza.<br><strong>Make Up<\/strong>: Carolina Romero &amp; Chuss Lojo.<br><strong>Estilismo<\/strong>: Carolina Romero &amp; Chuss Lojo.<\/p>\n","protected":false},"excerpt":{"rendered":"<p>Una colecci\u00f3n que habla de la conexi\u00f3n intangible, pero muy real, entre el cabello y las emociones, una fuerza et\u00e9rea como el viento.Una esencia personal que resurge para compartirse y&hellip;<\/p>\n","protected":false},"author":3,"featured_media":3486,"comment_status":"open","ping_status":"open","sticky":false,"template":"","format":"standard","meta":{"footnotes":""},"categories":[11],"tags":[],"powerkit_post_featured":[],"class_list":{"0":"post-3484","1":"post","2":"type-post","3":"status-publish","4":"format-standard","5":"has-post-thumbnail","7":"category-peluqueria-colecciones"},"_links":{"self":[{"href":"https:\/\/www.magazineimagentotal.cl\/sitio\/wp-json\/wp\/v2\/posts\/3484","targetHints":{"allow":["GET"]}}],"collection":[{"href":"https:\/\/www.magazineimagentotal.cl\/sitio\/wp-json\/wp\/v2\/posts"}],"about":[{"href":"https:\/\/www.magazineimagentotal.cl\/sitio\/wp-json\/wp\/v2\/types\/post"}],"author":[{"embeddable":true,"href":"https:\/\/www.magazineimagentotal.cl\/sitio\/wp-json\/wp\/v2\/users\/3"}],"replies":[{"embeddable":true,"href":"https:\/\/www.magazineimagentotal.cl\/sitio\/wp-json\/wp\/v2\/comments?post=3484"}],"version-history":[{"count":1,"href":"https:\/\/www.magazineimagentotal.cl\/sitio\/wp-json\/wp\/v2\/posts\/3484\/revisions"}],"predecessor-version":[{"id":3488,"href":"https:\/\/www.magazineimagentotal.cl\/sitio\/wp-json\/wp\/v2\/posts\/3484\/revisions\/3488"}],"wp:featuredmedia":[{"embeddable":true,"href":"https:\/\/www.magazineimagentotal.cl\/sitio\/wp-json\/wp\/v2\/media\/3486"}],"wp:attachment":[{"href":"https:\/\/www.magazineimagentotal.cl\/sitio\/wp-json\/wp\/v2\/media?parent=3484"}],"wp:term":[{"taxonomy":"category","embeddable":true,"href":"https:\/\/www.magazineimagentotal.cl\/sitio\/wp-json\/wp\/v2\/categories?post=3484"},{"taxonomy":"post_tag","embeddable":true,"href":"https:\/\/www.magazineimagentotal.cl\/sitio\/wp-json\/wp\/v2\/tags?post=3484"},{"taxonomy":"powerkit_post_featured","embeddable":true,"href":"https:\/\/www.magazineimagentotal.cl\/sitio\/wp-json\/wp\/v2\/powerkit_post_featured?post=3484"}],"curies":[{"name":"wp","href":"https:\/\/api.w.org\/{rel}","templated":true}]}}