{"id":3490,"date":"2020-10-06T14:28:21","date_gmt":"2020-10-06T17:28:21","guid":{"rendered":"https:\/\/www.magazineimagentotal.cl\/sitio\/?p=3490"},"modified":"2020-10-06T14:28:22","modified_gmt":"2020-10-06T17:28:22","slug":"3-encuentro-internacional-de-coloristas-on-line-peinados-color-tendencias","status":"publish","type":"post","link":"https:\/\/www.magazineimagentotal.cl\/sitio\/3-encuentro-internacional-de-coloristas-on-line-peinados-color-tendencias\/","title":{"rendered":"3\u00b0 Encuentro Internacional de Coloristas On Line \u201cPeinados, Color &#038; Tendencias\u201d"},"content":{"rendered":"\n<p class=\"has-text-color has-very-dark-gray-color\">Los d\u00edas 27 y 28 se septiembre se llev\u00f3 a cabo el 3\u00b0 Encuentro Internacional de Coloristas On Line auspiciado por el C\u00edrculo Internacional de Coloristas de Chile y www.magazineimagentotal.cl (MIT).<br>En esta oportunidad, el encuentro virtual moderado por el maestro Gustavo D\u00edaz, director del C\u00edrculo de Coloristas de Chile, se desarroll\u00f3 bajo el lema: \u201cPeinados, Color &amp; Tendencias\u201d.<br>Las dos jornadas estuvieron marcadas por la gran experiencia de los profesionales disertantes que transmitieron toda su t\u00e9cnica, arte y experiencia a los participantes, brindando consejos fundamentales a la hora de satisfacer las demandas de los clientes en el sal\u00f3n. El primer d\u00eda, las presentaciones y capacitaciones estuvieron a cargo de los destacados profesionales: Hugo Guerra, Fernando Avenda\u00f1o y la colaboraci\u00f3n de Vivian Roloff, educadora de FarmaVita; la jefa de Educaci\u00f3n de GA.MA Chile, Claudia Lizama; H\u00e9ctor Cornejo, artista de Sebastian Professional, la educadora de Wella, P\u00eda Alaniz, y Gustavo D\u00edaz. La estilista Silvia Saladino fue la encargada de dar inicio a la segunda jornada en la que se refiri\u00f3 al color, su especialidad, y las tendencias para la nueva temporada. Cerr\u00f3 su presentaci\u00f3n con una demostraci\u00f3n. Luego fue el turno de la estilista de Bolivia, Carolina Cuiza, quien realiz\u00f3 una demostraci\u00f3n muy glamorosa de peinado. El cierre del encuentro estuvo en las manos del maestro argentino Oscar Colombo que efectu\u00f3 tres magn\u00edficos peinados sobre mu\u00f1ecas que fueron el deleite de todos los participantes. Los profesionales asistentes consultaron sus dudas a los disertantes, que fueron respondidas con gran altura y profesionalismo. Adem\u00e1s, se realizaron importantes sorteos que fueron muy bien recibidos por los participantes.<\/p>\n\n\n\n<p class=\"has-text-color has-very-dark-gray-color\">La palabra de los profesionales<br>Para conocer las impresiones de los profesionales disertantes acerca del encuentro y las tendencias para la nueva temporada que reci\u00e9n comienza, los entrevistamos de forma exclusiva. \u00a1Conoce m\u00e1s!<\/p>\n\n\n\n<p class=\"has-text-color has-very-dark-gray-color\"><br>Las preguntas realizadas fueron:<\/p>\n\n\n\n<ul class=\"wp-block-list\"><li><span class=\"has-inline-color has-very-dark-gray-color\">\u00bfC\u00f3mo fue su experiencia en el 3\u00b0 Encuentro Internacional de Coloristas On Line?<\/span><\/li><li><span class=\"has-inline-color has-very-dark-gray-color\">\u00bfQu\u00e9 es lo que m\u00e1s le gusta a la hora de dictar las capacitaciones on line?<\/span><\/li><li><span class=\"has-inline-color has-very-dark-gray-color\">\u00bfCu\u00e1les son las tendencias para la temporada de primavera-verano en color, corte y peinados?<\/span><\/li><\/ul>\n\n\n\n<p class=\"has-text-color has-very-dark-gray-color\"><strong>Hugo Guerra<\/strong><\/p>\n\n\n\n<ul class=\"wp-block-list\"><li><span class=\"has-inline-color has-very-dark-gray-color\">Para m\u00ed, m\u00e1s de poder mostrar el trabajo que realizo, me gusta la comunicaci\u00f3n de las personas. Creo que el hecho de saber que del otro lado hay gente tomando atenci\u00f3n me parec\u00eda que era una comunicaci\u00f3n casi como de alma, de cari\u00f1o. Saber que la gente pag\u00f3 para ver a un personaje que seguramente le gusta c\u00f3mo trabaja es una experiencia que me hace entregar mi trabajo hacia los dem\u00e1s con m\u00e1s cari\u00f1o.<\/span><\/li><li><span class=\"has-inline-color has-very-dark-gray-color\">Lo que m\u00e1s me gusta del tema de transmitir un trabajo on line es mi preocupaci\u00f3n. Me gusta como buscar una modelo que pueda interpretar lo que estoy haciendo, que tenga un cabello adecuado y prepararme para la presentaci\u00f3n por el respeto que les tengo a mis colegas peluqueros.<\/span><\/li><li><span class=\"has-inline-color has-very-dark-gray-color\">Creo que las tendencias en este momento son como multirraciales. Como que en un solo personaje hay que tratar de conjugar muchas cosas. Por ejemplo, hacer peinados que sean un poco m\u00e1s \u00e9tnicos o interraciales, la mezcla de texturas\u2026 Eso me gusta mucho. Todo esto sin perder la parte glamorosa porque creo que es muy importante. Adem\u00e1s, estamos viviendo tiempos dif\u00edciles y es bueno tener la posibilidad de mostrarse distinto y ser un personaje \u00fanico. Lo m\u00e1s importante es tratar de transmitirlo a trav\u00e9s de la moda capilar. En cuanto a cortes, las tendencias de hoy son dos: los cabellos muy cortos y los que tienen mucho encanto, con mucha textura, que sean no estructurados. En referencia al color, cuando tienes el cabello corto se permiten los colores, las diferencias de color tradicional, aplicar colores como verde, celeste y amarillo. Creo que eso queda muy bonito en cabellos cortos. En cabello largo, el color tendr\u00eda que ser caramelo con mucha luz. O ser rubios dorados o tener marrones con intenciones de cobrizo. Creo que eso le da algo muy entretenido a la imagen de la mujer y para m\u00ed por ah\u00ed va el tema. En cuanto a peinados, siempre me gusta que la mujer est\u00e9 como preocupada de que, si est\u00e1 con un corte que se le dise\u00f1\u00f3 de una forma, tratar que el dise\u00f1o se prolongue lo m\u00e1s posible. El cabello largo me gusta que se vea como preocupado y cepillado, que no tenga rigurosidad con respecto a un peinado que tenga que tener tanta producci\u00f3n con productos, sino que posea una sensaci\u00f3n de naturalidad, que se mueva con el viento. Evidentemente, el producto siempre est\u00e1 de por medio, pero hay que saber elegirlo.<\/span><\/li><\/ul>\n\n\n\n<p class=\"has-text-color has-very-dark-gray-color\"><strong>Fernando Avenda\u00f1o<\/strong><\/p>\n\n\n\n<ul class=\"wp-block-list\"><li><span class=\"has-inline-color has-very-dark-gray-color\">Fue una experiencia positiva porque sal\u00ed de mi rutina de trabajar. Adem\u00e1s, es posible, a trav\u00e9s de una pantalla de un computador o de un tel\u00e9fono, transmitir un conocimiento y, por lo visto, la gente lo aprende.<\/span><\/li><li><span class=\"has-inline-color has-very-dark-gray-color\">Lo m\u00e1s importante a la hora de dictar un seminario on line es tratar de que el receptor comprenda lo que se le quiere transmitir. M\u00e1s que hacer cosas de pasarela, yo trat\u00e9 de entregar conocimientos y tips para que los colegas los puedan aplicar en el sal\u00f3n y que realmente la inversi\u00f3n que hicieron puedan recuperarla a trav\u00e9s de todos los consejos que les di acerca del color. Durante el tema de la coloraci\u00f3n us\u00e9 la de FarmaVita, que es mi favorita. En la explicaci\u00f3n sobre c\u00f3mo hacer mechas californianas o balayage trat\u00e9 de hacer algo f\u00e1cil para que el colega lo puede transmitir a su clienta.<\/span><\/li><li><span class=\"has-inline-color has-very-dark-gray-color\">Se vienen las melenas rectas y los cabellos sanos porque por el hecho de estar tanto en la casa, no se exponen al fr\u00edo y al calor. Entonces, en general, se vienen las melenas rectas, un poquito de desflecado, el cabello corto\u2026 Tambi\u00e9n estoy viendo mucho que las mujeres se est\u00e1n dejando las canas. Entonces, para eso hay t\u00e9cnicas aleatorias para ayudar en ese proceso.<\/span><\/li><\/ul>\n\n\n\n<p class=\"has-text-color has-very-dark-gray-color\"><strong>H\u00e9ctor Cornejo<\/strong><\/p>\n\n\n\n<ul class=\"wp-block-list\"><li><span class=\"has-inline-color has-very-dark-gray-color\">Fue una experiencia enriquecedora la de transmitir y compartir mis conocimientos con colegas de todo Chile. Se convirti\u00f3 en un momento muy grato como profesional.<\/span><\/li><li><span class=\"has-inline-color has-very-dark-gray-color\">El formato on line hoy nos permite conectar a profesionales de todos los rincones del mundo, facilitando la transmisi\u00f3n del conocimiento de una forma espont\u00e1nea. Si bien nuestro rubro es presencial, hay mucha informaci\u00f3n valiosa que se puede entregar de forma digital para aclarar dudas e interiorizar sobre las t\u00e9cnicas profesionales.<\/span><\/li><li><span class=\"has-inline-color has-very-dark-gray-color\">Con respecto a las tendencias, el mullet, los pixie, los efectos wet\u2026 La onda medio retro est\u00e1 a full en tendencias. Con respecto al color, el Brazilian Bronze, el Illuminated\u2026 Esas son principalmente las tendencias que se vienen. Y con respecto a la moda editorial, el wet gel effect, que son los cabellos h\u00famedos y la onda muy de los \u030160 y \u030170. Una onda muy Gucci. Eso tambi\u00e9n est\u00e1 a full en tendencias.<\/span><\/li><\/ul>\n\n\n\n<p class=\"has-text-color has-very-dark-gray-color\"><strong>P\u00eda Alaniz<\/strong><\/p>\n\n\n\n<ul class=\"wp-block-list\"><li><span class=\"has-inline-color has-very-dark-gray-color\">La experiencia fue buen\u00edsima.<\/span><\/li><li><span class=\"has-inline-color has-very-dark-gray-color\">Conseguir llegar a mucho p\u00fablico de manera simult\u00e1nea a lo largo del pa\u00eds y la innovaci\u00f3n de generar una gran expectativa en cuanto a la experiencia de una capacitaci\u00f3n on line.<\/span><\/li><li><span class=\"has-inline-color has-very-dark-gray-color\">Sin duda alguna, la iluminaci\u00f3n con contrastes vers\u00e1tiles en tonos beige, arenas y apricot. Cortes en melenas s\u00f3lidas (atr\u00e1s queda el bob) y peinados con ondas sutiles, naturales. Sobre todo, recogidos y trenzas de vanguardia f\u00e1ciles de hacer y utilizar.<\/span><\/li><\/ul>\n\n\n\n<p class=\"has-text-color has-very-dark-gray-color\"><strong>Silvia Saladino<\/strong><\/p>\n\n\n\n<ul class=\"wp-block-list\"><li><span class=\"has-inline-color has-very-dark-gray-color\">La experiencia fue muy novedosa por el formato Zoom.<\/span><\/li><li><span class=\"has-inline-color has-very-dark-gray-color\">La capacitaci\u00f3n on-line te exige modificar los contenidos para ser m\u00e1s certera, m\u00e1s t\u00e9cnica y emplear un vocabulario m\u00e1s sencillo. Adem\u00e1s, fue sorprendente debido a la respuesta que brindaron varios asistentes con sus mensajes posteriores a mi intervenci\u00f3n en este encuentro. No pens\u00e9 que habr\u00eda colegas interesados en escuchar mi experiencia en algo que me apasiona como es la colorimetr\u00eda capilar.<\/span><\/li><\/ul>\n\n\n\n<p class=\"has-text-color has-very-dark-gray-color\"><strong>Carolina Cuiza<\/strong><\/p>\n\n\n\n<ul class=\"wp-block-list\"><li><span class=\"has-inline-color has-very-dark-gray-color\">\u00a1La experiencia fue incre\u00edble! Estoy muy agradecida con la organizaci\u00f3n por la invitaci\u00f3n y con los participantes.<\/span><\/li><li><span class=\"has-inline-color has-very-dark-gray-color\">En general, me gusta dictar capacitaciones on line. Me ayuda a aprender m\u00e1s mientras ense\u00f1o.<\/span><\/li><li><span class=\"has-inline-color has-very-dark-gray-color\">El famoso corte de pelo \u201cblunt\u201d pisa con fuerza durante la pr\u00f3xima temporada con diferentes longitudes (del bob al lob) siempre y cuando el corte sea totalmente recto, con todo el cabello al mismo largo, sin capas visibles y una marcada raya al medio. Tambi\u00e9n se llevar\u00e1 el flequillo Bardot. Te\u00f3ricamente se trata de aquel flequillo que es m\u00e1s corto en el centro de la frente y m\u00e1s largo en las sienes (tambi\u00e9n conocido como flequillo cortina), que aporta un toque sesentero. Por \u00faltimo, el corte Shag con un flequillo un poco m\u00e1s desfilado. Este corte se basa en crear much\u00edsimas capas, especialmente para crear vol\u00famenes en la parte superior de la cabeza.<\/span><\/li><\/ul>\n\n\n\n<p class=\"has-text-color has-very-dark-gray-color\"><strong>Oscar Colombo<\/strong><\/p>\n\n\n\n<ul class=\"wp-block-list\"><li><span class=\"has-inline-color has-very-dark-gray-color\">Desde que me convocaron tuve la intuici\u00f3n que ser\u00eda un \u00e9xito y eso se debe a esta nueva modalidad on line. Como experiencia fue muy positiva, dado que la convocatoria fue espectacular. Me sent\u00ed como si hubiese estado en un escenario presencial. Estoy muy feliz de haber compartido con los profesionales de diferentes pa\u00edses.<\/span><\/li><li><span class=\"has-inline-color has-very-dark-gray-color\">Esta nueva modalidad on line ha hecho que encontrara una manera diferente de acercarme a gente que por estar muy lejos no hubiese podido nunca tomar un curso conmigo. Es por eso que creo que las plataformas han llegado para quedarse por siempre, para poder seguir con mis cursos a trav\u00e9s de la plataforma Zoom.<\/span><\/li><li><span class=\"has-inline-color has-very-dark-gray-color\">Siempre que llega la primavera, los cambios son muy notorios. Los colores vienen de la mano del color de las flores. Eso hace que la creatividad fluya. En cuanto a los cortes, tenemos tres tendencias: corto, mediano y largo, para que la mujer pueda elegir su propio estilo, y de acuerdo al estudio del Visagismo, crear un corte para su tipo de rostro.<br>En mi caso personal no soy de imponer s\u00f3lo un tipo de corte, dado que, si mi cliente es amante del cabello largo, no podr\u00eda imponerle que se corte el pelo si no es de su agrado.<br>En los peinados para la noche siguen los estilos muy descontracturados y, sobre todo, las colas de caballo con diferentes tipos de trenzas.<\/span><\/li><\/ul>\n\n\n\n<p class=\"has-text-color has-very-dark-gray-color\">El 4\u00b0 Encuentro Internacional de Coloristas On Line, \u201cColor, Alisados y Tendencias\u201d, se realizar\u00e1 los d\u00edas 27 y 28 de octubre. \u00a1No te lo puedes perder!<\/p>\n\n\n\n<figure class=\"wp-block-gallery columns-3 is-cropped wp-block-gallery-1 is-layout-flex wp-block-gallery-is-layout-flex\"><ul class=\"blocks-gallery-grid\"><li class=\"blocks-gallery-item\"><figure><a href=\"https:\/\/www.magazineimagentotal.cl\/sitio\/wp-content\/uploads\/2020\/10\/FOTO-3.png\"><img  loading=\"lazy\"  decoding=\"async\"  width=\"1160\"  height=\"1160\"  src=\"data:image\/png;base64,iVBORw0KGgoAAAANSUhEUgAAAAEAAAABAQMAAAAl21bKAAAAA1BMVEUAAP+KeNJXAAAAAXRSTlMAQObYZgAAAAlwSFlzAAAOxAAADsQBlSsOGwAAAApJREFUCNdjYAAAAAIAAeIhvDMAAAAASUVORK5CYII=\"  alt=\"\"  data-id=\"3493\"  data-full-url=\"https:\/\/www.magazineimagentotal.cl\/sitio\/wp-content\/uploads\/2020\/10\/FOTO-3.png\"  data-link=\"https:\/\/www.magazineimagentotal.cl\/sitio\/?attachment_id=3493\"  class=\"wp-image-3493 pk-lazyload\"  data-pk-sizes=\"auto\"  data-ls-sizes=\"auto, (max-width: 1160px) 100vw, 1160px\"  data-pk-src=\"https:\/\/www.magazineimagentotal.cl\/sitio\/wp-content\/uploads\/2020\/10\/FOTO-3-1160x1160.png\"  data-pk-srcset=\"https:\/\/www.magazineimagentotal.cl\/sitio\/wp-content\/uploads\/2020\/10\/FOTO-3-1160x1160.png 1160w, https:\/\/www.magazineimagentotal.cl\/sitio\/wp-content\/uploads\/2020\/10\/FOTO-3-800x800.png 800w, https:\/\/www.magazineimagentotal.cl\/sitio\/wp-content\/uploads\/2020\/10\/FOTO-3-80x80.png 80w, https:\/\/www.magazineimagentotal.cl\/sitio\/wp-content\/uploads\/2020\/10\/FOTO-3-120x120.png 120w, https:\/\/www.magazineimagentotal.cl\/sitio\/wp-content\/uploads\/2020\/10\/FOTO-3-90x90.png 90w, https:\/\/www.magazineimagentotal.cl\/sitio\/wp-content\/uploads\/2020\/10\/FOTO-3-320x320.png 320w, https:\/\/www.magazineimagentotal.cl\/sitio\/wp-content\/uploads\/2020\/10\/FOTO-3-560x560.png 560w, https:\/\/www.magazineimagentotal.cl\/sitio\/wp-content\/uploads\/2020\/10\/FOTO-3.png 1200w\" ><\/a><\/figure><\/li><li class=\"blocks-gallery-item\"><figure><a href=\"https:\/\/www.magazineimagentotal.cl\/sitio\/wp-content\/uploads\/2020\/10\/FOTO-4.png\"><img  loading=\"lazy\"  decoding=\"async\"  width=\"1160\"  height=\"1160\"  src=\"data:image\/png;base64,iVBORw0KGgoAAAANSUhEUgAAAAEAAAABAQMAAAAl21bKAAAAA1BMVEUAAP+KeNJXAAAAAXRSTlMAQObYZgAAAAlwSFlzAAAOxAAADsQBlSsOGwAAAApJREFUCNdjYAAAAAIAAeIhvDMAAAAASUVORK5CYII=\"  alt=\"\"  data-id=\"3494\"  data-full-url=\"https:\/\/www.magazineimagentotal.cl\/sitio\/wp-content\/uploads\/2020\/10\/FOTO-4.png\"  data-link=\"https:\/\/www.magazineimagentotal.cl\/sitio\/?attachment_id=3494\"  class=\"wp-image-3494 pk-lazyload\"  data-pk-sizes=\"auto\"  data-ls-sizes=\"auto, (max-width: 1160px) 100vw, 1160px\"  data-pk-src=\"https:\/\/www.magazineimagentotal.cl\/sitio\/wp-content\/uploads\/2020\/10\/FOTO-4-1160x1160.png\"  data-pk-srcset=\"https:\/\/www.magazineimagentotal.cl\/sitio\/wp-content\/uploads\/2020\/10\/FOTO-4-1160x1160.png 1160w, https:\/\/www.magazineimagentotal.cl\/sitio\/wp-content\/uploads\/2020\/10\/FOTO-4-800x800.png 800w, https:\/\/www.magazineimagentotal.cl\/sitio\/wp-content\/uploads\/2020\/10\/FOTO-4-80x80.png 80w, https:\/\/www.magazineimagentotal.cl\/sitio\/wp-content\/uploads\/2020\/10\/FOTO-4-120x120.png 120w, https:\/\/www.magazineimagentotal.cl\/sitio\/wp-content\/uploads\/2020\/10\/FOTO-4-90x90.png 90w, https:\/\/www.magazineimagentotal.cl\/sitio\/wp-content\/uploads\/2020\/10\/FOTO-4-320x320.png 320w, https:\/\/www.magazineimagentotal.cl\/sitio\/wp-content\/uploads\/2020\/10\/FOTO-4-560x560.png 560w, https:\/\/www.magazineimagentotal.cl\/sitio\/wp-content\/uploads\/2020\/10\/FOTO-4.png 1200w\" ><\/a><\/figure><\/li><li class=\"blocks-gallery-item\"><figure><a href=\"https:\/\/www.magazineimagentotal.cl\/sitio\/wp-content\/uploads\/2020\/10\/FOTO-5.png\"><img  loading=\"lazy\"  decoding=\"async\"  width=\"1160\"  height=\"1160\"  src=\"data:image\/png;base64,iVBORw0KGgoAAAANSUhEUgAAAAEAAAABAQMAAAAl21bKAAAAA1BMVEUAAP+KeNJXAAAAAXRSTlMAQObYZgAAAAlwSFlzAAAOxAAADsQBlSsOGwAAAApJREFUCNdjYAAAAAIAAeIhvDMAAAAASUVORK5CYII=\"  alt=\"\"  data-id=\"3495\"  data-full-url=\"https:\/\/www.magazineimagentotal.cl\/sitio\/wp-content\/uploads\/2020\/10\/FOTO-5.png\"  data-link=\"https:\/\/www.magazineimagentotal.cl\/sitio\/?attachment_id=3495\"  class=\"wp-image-3495 pk-lazyload\"  data-pk-sizes=\"auto\"  data-ls-sizes=\"auto, (max-width: 1160px) 100vw, 1160px\"  data-pk-src=\"https:\/\/www.magazineimagentotal.cl\/sitio\/wp-content\/uploads\/2020\/10\/FOTO-5-1160x1160.png\"  data-pk-srcset=\"https:\/\/www.magazineimagentotal.cl\/sitio\/wp-content\/uploads\/2020\/10\/FOTO-5-1160x1160.png 1160w, https:\/\/www.magazineimagentotal.cl\/sitio\/wp-content\/uploads\/2020\/10\/FOTO-5-800x800.png 800w, https:\/\/www.magazineimagentotal.cl\/sitio\/wp-content\/uploads\/2020\/10\/FOTO-5-80x80.png 80w, https:\/\/www.magazineimagentotal.cl\/sitio\/wp-content\/uploads\/2020\/10\/FOTO-5-120x120.png 120w, https:\/\/www.magazineimagentotal.cl\/sitio\/wp-content\/uploads\/2020\/10\/FOTO-5-90x90.png 90w, https:\/\/www.magazineimagentotal.cl\/sitio\/wp-content\/uploads\/2020\/10\/FOTO-5-320x320.png 320w, https:\/\/www.magazineimagentotal.cl\/sitio\/wp-content\/uploads\/2020\/10\/FOTO-5-560x560.png 560w, https:\/\/www.magazineimagentotal.cl\/sitio\/wp-content\/uploads\/2020\/10\/FOTO-5.png 1200w\" ><\/a><\/figure><\/li><li class=\"blocks-gallery-item\"><figure><a href=\"https:\/\/www.magazineimagentotal.cl\/sitio\/wp-content\/uploads\/2020\/10\/FOTO-6.png\"><img  loading=\"lazy\"  decoding=\"async\"  width=\"1160\"  height=\"1160\"  src=\"data:image\/png;base64,iVBORw0KGgoAAAANSUhEUgAAAAEAAAABAQMAAAAl21bKAAAAA1BMVEUAAP+KeNJXAAAAAXRSTlMAQObYZgAAAAlwSFlzAAAOxAAADsQBlSsOGwAAAApJREFUCNdjYAAAAAIAAeIhvDMAAAAASUVORK5CYII=\"  alt=\"\"  data-id=\"3496\"  data-full-url=\"https:\/\/www.magazineimagentotal.cl\/sitio\/wp-content\/uploads\/2020\/10\/FOTO-6.png\"  data-link=\"https:\/\/www.magazineimagentotal.cl\/sitio\/?attachment_id=3496\"  class=\"wp-image-3496 pk-lazyload\"  data-pk-sizes=\"auto\"  data-ls-sizes=\"auto, (max-width: 1160px) 100vw, 1160px\"  data-pk-src=\"https:\/\/www.magazineimagentotal.cl\/sitio\/wp-content\/uploads\/2020\/10\/FOTO-6-1160x1160.png\"  data-pk-srcset=\"https:\/\/www.magazineimagentotal.cl\/sitio\/wp-content\/uploads\/2020\/10\/FOTO-6-1160x1160.png 1160w, https:\/\/www.magazineimagentotal.cl\/sitio\/wp-content\/uploads\/2020\/10\/FOTO-6-800x800.png 800w, https:\/\/www.magazineimagentotal.cl\/sitio\/wp-content\/uploads\/2020\/10\/FOTO-6-80x80.png 80w, https:\/\/www.magazineimagentotal.cl\/sitio\/wp-content\/uploads\/2020\/10\/FOTO-6-120x120.png 120w, https:\/\/www.magazineimagentotal.cl\/sitio\/wp-content\/uploads\/2020\/10\/FOTO-6-90x90.png 90w, https:\/\/www.magazineimagentotal.cl\/sitio\/wp-content\/uploads\/2020\/10\/FOTO-6-320x320.png 320w, https:\/\/www.magazineimagentotal.cl\/sitio\/wp-content\/uploads\/2020\/10\/FOTO-6-560x560.png 560w, https:\/\/www.magazineimagentotal.cl\/sitio\/wp-content\/uploads\/2020\/10\/FOTO-6.png 1200w\" ><\/a><\/figure><\/li><li class=\"blocks-gallery-item\"><figure><a href=\"https:\/\/www.magazineimagentotal.cl\/sitio\/wp-content\/uploads\/2020\/10\/FOTO-7.png\"><img  loading=\"lazy\"  decoding=\"async\"  width=\"1160\"  height=\"1160\"  src=\"data:image\/png;base64,iVBORw0KGgoAAAANSUhEUgAAAAEAAAABAQMAAAAl21bKAAAAA1BMVEUAAP+KeNJXAAAAAXRSTlMAQObYZgAAAAlwSFlzAAAOxAAADsQBlSsOGwAAAApJREFUCNdjYAAAAAIAAeIhvDMAAAAASUVORK5CYII=\"  alt=\"\"  data-id=\"3497\"  data-full-url=\"https:\/\/www.magazineimagentotal.cl\/sitio\/wp-content\/uploads\/2020\/10\/FOTO-7.png\"  data-link=\"https:\/\/www.magazineimagentotal.cl\/sitio\/?attachment_id=3497\"  class=\"wp-image-3497 pk-lazyload\"  data-pk-sizes=\"auto\"  data-ls-sizes=\"auto, (max-width: 1160px) 100vw, 1160px\"  data-pk-src=\"https:\/\/www.magazineimagentotal.cl\/sitio\/wp-content\/uploads\/2020\/10\/FOTO-7-1160x1160.png\"  data-pk-srcset=\"https:\/\/www.magazineimagentotal.cl\/sitio\/wp-content\/uploads\/2020\/10\/FOTO-7-1160x1160.png 1160w, https:\/\/www.magazineimagentotal.cl\/sitio\/wp-content\/uploads\/2020\/10\/FOTO-7-800x800.png 800w, https:\/\/www.magazineimagentotal.cl\/sitio\/wp-content\/uploads\/2020\/10\/FOTO-7-80x80.png 80w, https:\/\/www.magazineimagentotal.cl\/sitio\/wp-content\/uploads\/2020\/10\/FOTO-7-120x120.png 120w, https:\/\/www.magazineimagentotal.cl\/sitio\/wp-content\/uploads\/2020\/10\/FOTO-7-90x90.png 90w, https:\/\/www.magazineimagentotal.cl\/sitio\/wp-content\/uploads\/2020\/10\/FOTO-7-320x320.png 320w, https:\/\/www.magazineimagentotal.cl\/sitio\/wp-content\/uploads\/2020\/10\/FOTO-7-560x560.png 560w, https:\/\/www.magazineimagentotal.cl\/sitio\/wp-content\/uploads\/2020\/10\/FOTO-7.png 1200w\" ><\/a><\/figure><\/li><li class=\"blocks-gallery-item\"><figure><a href=\"https:\/\/www.magazineimagentotal.cl\/sitio\/wp-content\/uploads\/2020\/10\/FOTO-8.png\"><img  loading=\"lazy\"  decoding=\"async\"  width=\"1160\"  height=\"1160\"  src=\"data:image\/png;base64,iVBORw0KGgoAAAANSUhEUgAAAAEAAAABAQMAAAAl21bKAAAAA1BMVEUAAP+KeNJXAAAAAXRSTlMAQObYZgAAAAlwSFlzAAAOxAAADsQBlSsOGwAAAApJREFUCNdjYAAAAAIAAeIhvDMAAAAASUVORK5CYII=\"  alt=\"\"  data-id=\"3498\"  data-full-url=\"https:\/\/www.magazineimagentotal.cl\/sitio\/wp-content\/uploads\/2020\/10\/FOTO-8.png\"  data-link=\"https:\/\/www.magazineimagentotal.cl\/sitio\/?attachment_id=3498\"  class=\"wp-image-3498 pk-lazyload\"  data-pk-sizes=\"auto\"  data-ls-sizes=\"auto, (max-width: 1160px) 100vw, 1160px\"  data-pk-src=\"https:\/\/www.magazineimagentotal.cl\/sitio\/wp-content\/uploads\/2020\/10\/FOTO-8-1160x1160.png\"  data-pk-srcset=\"https:\/\/www.magazineimagentotal.cl\/sitio\/wp-content\/uploads\/2020\/10\/FOTO-8-1160x1160.png 1160w, https:\/\/www.magazineimagentotal.cl\/sitio\/wp-content\/uploads\/2020\/10\/FOTO-8-800x800.png 800w, https:\/\/www.magazineimagentotal.cl\/sitio\/wp-content\/uploads\/2020\/10\/FOTO-8-80x80.png 80w, https:\/\/www.magazineimagentotal.cl\/sitio\/wp-content\/uploads\/2020\/10\/FOTO-8-120x120.png 120w, https:\/\/www.magazineimagentotal.cl\/sitio\/wp-content\/uploads\/2020\/10\/FOTO-8-90x90.png 90w, https:\/\/www.magazineimagentotal.cl\/sitio\/wp-content\/uploads\/2020\/10\/FOTO-8-320x320.png 320w, https:\/\/www.magazineimagentotal.cl\/sitio\/wp-content\/uploads\/2020\/10\/FOTO-8-560x560.png 560w, https:\/\/www.magazineimagentotal.cl\/sitio\/wp-content\/uploads\/2020\/10\/FOTO-8.png 1200w\" ><\/a><\/figure><\/li><li class=\"blocks-gallery-item\"><figure><a href=\"https:\/\/www.magazineimagentotal.cl\/sitio\/wp-content\/uploads\/2020\/10\/FOTO-9.png\"><img  loading=\"lazy\"  decoding=\"async\"  width=\"1160\"  height=\"1160\"  src=\"data:image\/png;base64,iVBORw0KGgoAAAANSUhEUgAAAAEAAAABAQMAAAAl21bKAAAAA1BMVEUAAP+KeNJXAAAAAXRSTlMAQObYZgAAAAlwSFlzAAAOxAAADsQBlSsOGwAAAApJREFUCNdjYAAAAAIAAeIhvDMAAAAASUVORK5CYII=\"  alt=\"\"  data-id=\"3499\"  data-full-url=\"https:\/\/www.magazineimagentotal.cl\/sitio\/wp-content\/uploads\/2020\/10\/FOTO-9.png\"  data-link=\"https:\/\/www.magazineimagentotal.cl\/sitio\/?attachment_id=3499\"  class=\"wp-image-3499 pk-lazyload\"  data-pk-sizes=\"auto\"  data-ls-sizes=\"auto, (max-width: 1160px) 100vw, 1160px\"  data-pk-src=\"https:\/\/www.magazineimagentotal.cl\/sitio\/wp-content\/uploads\/2020\/10\/FOTO-9-1160x1160.png\"  data-pk-srcset=\"https:\/\/www.magazineimagentotal.cl\/sitio\/wp-content\/uploads\/2020\/10\/FOTO-9-1160x1160.png 1160w, https:\/\/www.magazineimagentotal.cl\/sitio\/wp-content\/uploads\/2020\/10\/FOTO-9-800x800.png 800w, https:\/\/www.magazineimagentotal.cl\/sitio\/wp-content\/uploads\/2020\/10\/FOTO-9-80x80.png 80w, https:\/\/www.magazineimagentotal.cl\/sitio\/wp-content\/uploads\/2020\/10\/FOTO-9-120x120.png 120w, https:\/\/www.magazineimagentotal.cl\/sitio\/wp-content\/uploads\/2020\/10\/FOTO-9-90x90.png 90w, https:\/\/www.magazineimagentotal.cl\/sitio\/wp-content\/uploads\/2020\/10\/FOTO-9-320x320.png 320w, https:\/\/www.magazineimagentotal.cl\/sitio\/wp-content\/uploads\/2020\/10\/FOTO-9-560x560.png 560w, https:\/\/www.magazineimagentotal.cl\/sitio\/wp-content\/uploads\/2020\/10\/FOTO-9.png 1200w\" ><\/a><\/figure><\/li><li class=\"blocks-gallery-item\"><figure><a href=\"https:\/\/www.magazineimagentotal.cl\/sitio\/wp-content\/uploads\/2020\/10\/FOTO-10.png\"><img  loading=\"lazy\"  decoding=\"async\"  width=\"1160\"  height=\"1160\"  src=\"data:image\/png;base64,iVBORw0KGgoAAAANSUhEUgAAAAEAAAABAQMAAAAl21bKAAAAA1BMVEUAAP+KeNJXAAAAAXRSTlMAQObYZgAAAAlwSFlzAAAOxAAADsQBlSsOGwAAAApJREFUCNdjYAAAAAIAAeIhvDMAAAAASUVORK5CYII=\"  alt=\"\"  data-id=\"3500\"  data-full-url=\"https:\/\/www.magazineimagentotal.cl\/sitio\/wp-content\/uploads\/2020\/10\/FOTO-10.png\"  data-link=\"https:\/\/www.magazineimagentotal.cl\/sitio\/?attachment_id=3500\"  class=\"wp-image-3500 pk-lazyload\"  data-pk-sizes=\"auto\"  data-ls-sizes=\"auto, (max-width: 1160px) 100vw, 1160px\"  data-pk-src=\"https:\/\/www.magazineimagentotal.cl\/sitio\/wp-content\/uploads\/2020\/10\/FOTO-10-1160x1160.png\"  data-pk-srcset=\"https:\/\/www.magazineimagentotal.cl\/sitio\/wp-content\/uploads\/2020\/10\/FOTO-10-1160x1160.png 1160w, https:\/\/www.magazineimagentotal.cl\/sitio\/wp-content\/uploads\/2020\/10\/FOTO-10-800x800.png 800w, https:\/\/www.magazineimagentotal.cl\/sitio\/wp-content\/uploads\/2020\/10\/FOTO-10-80x80.png 80w, https:\/\/www.magazineimagentotal.cl\/sitio\/wp-content\/uploads\/2020\/10\/FOTO-10-120x120.png 120w, https:\/\/www.magazineimagentotal.cl\/sitio\/wp-content\/uploads\/2020\/10\/FOTO-10-90x90.png 90w, https:\/\/www.magazineimagentotal.cl\/sitio\/wp-content\/uploads\/2020\/10\/FOTO-10-320x320.png 320w, https:\/\/www.magazineimagentotal.cl\/sitio\/wp-content\/uploads\/2020\/10\/FOTO-10-560x560.png 560w, https:\/\/www.magazineimagentotal.cl\/sitio\/wp-content\/uploads\/2020\/10\/FOTO-10.png 1200w\" ><\/a><\/figure><\/li><li class=\"blocks-gallery-item\"><figure><a href=\"https:\/\/www.magazineimagentotal.cl\/sitio\/wp-content\/uploads\/2020\/10\/FOTO-11.png\"><img  loading=\"lazy\"  decoding=\"async\"  width=\"1160\"  height=\"1160\"  src=\"data:image\/png;base64,iVBORw0KGgoAAAANSUhEUgAAAAEAAAABAQMAAAAl21bKAAAAA1BMVEUAAP+KeNJXAAAAAXRSTlMAQObYZgAAAAlwSFlzAAAOxAAADsQBlSsOGwAAAApJREFUCNdjYAAAAAIAAeIhvDMAAAAASUVORK5CYII=\"  alt=\"\"  data-id=\"3501\"  data-full-url=\"https:\/\/www.magazineimagentotal.cl\/sitio\/wp-content\/uploads\/2020\/10\/FOTO-11.png\"  data-link=\"https:\/\/www.magazineimagentotal.cl\/sitio\/?attachment_id=3501\"  class=\"wp-image-3501 pk-lazyload\"  data-pk-sizes=\"auto\"  data-ls-sizes=\"auto, (max-width: 1160px) 100vw, 1160px\"  data-pk-src=\"https:\/\/www.magazineimagentotal.cl\/sitio\/wp-content\/uploads\/2020\/10\/FOTO-11-1160x1160.png\"  data-pk-srcset=\"https:\/\/www.magazineimagentotal.cl\/sitio\/wp-content\/uploads\/2020\/10\/FOTO-11-1160x1160.png 1160w, https:\/\/www.magazineimagentotal.cl\/sitio\/wp-content\/uploads\/2020\/10\/FOTO-11-800x800.png 800w, https:\/\/www.magazineimagentotal.cl\/sitio\/wp-content\/uploads\/2020\/10\/FOTO-11-80x80.png 80w, https:\/\/www.magazineimagentotal.cl\/sitio\/wp-content\/uploads\/2020\/10\/FOTO-11-120x120.png 120w, https:\/\/www.magazineimagentotal.cl\/sitio\/wp-content\/uploads\/2020\/10\/FOTO-11-90x90.png 90w, https:\/\/www.magazineimagentotal.cl\/sitio\/wp-content\/uploads\/2020\/10\/FOTO-11-320x320.png 320w, https:\/\/www.magazineimagentotal.cl\/sitio\/wp-content\/uploads\/2020\/10\/FOTO-11-560x560.png 560w, https:\/\/www.magazineimagentotal.cl\/sitio\/wp-content\/uploads\/2020\/10\/FOTO-11.png 1200w\" ><\/a><\/figure><\/li><li class=\"blocks-gallery-item\"><figure><a href=\"https:\/\/www.magazineimagentotal.cl\/sitio\/wp-content\/uploads\/2020\/10\/FOTO-12.jpg\"><img  loading=\"lazy\"  decoding=\"async\"  width=\"1160\"  height=\"1160\"  src=\"data:image\/png;base64,iVBORw0KGgoAAAANSUhEUgAAAAEAAAABAQMAAAAl21bKAAAAA1BMVEUAAP+KeNJXAAAAAXRSTlMAQObYZgAAAAlwSFlzAAAOxAAADsQBlSsOGwAAAApJREFUCNdjYAAAAAIAAeIhvDMAAAAASUVORK5CYII=\"  alt=\"\"  data-id=\"3502\"  data-full-url=\"https:\/\/www.magazineimagentotal.cl\/sitio\/wp-content\/uploads\/2020\/10\/FOTO-12.jpg\"  data-link=\"https:\/\/www.magazineimagentotal.cl\/sitio\/?attachment_id=3502\"  class=\"wp-image-3502 pk-lazyload\"  data-pk-sizes=\"auto\"  data-ls-sizes=\"auto, (max-width: 1160px) 100vw, 1160px\"  data-pk-src=\"https:\/\/www.magazineimagentotal.cl\/sitio\/wp-content\/uploads\/2020\/10\/FOTO-12-1160x1160.jpg\"  data-pk-srcset=\"https:\/\/www.magazineimagentotal.cl\/sitio\/wp-content\/uploads\/2020\/10\/FOTO-12-1160x1160.jpg 1160w, https:\/\/www.magazineimagentotal.cl\/sitio\/wp-content\/uploads\/2020\/10\/FOTO-12-800x800.jpg 800w, https:\/\/www.magazineimagentotal.cl\/sitio\/wp-content\/uploads\/2020\/10\/FOTO-12-80x80.jpg 80w, https:\/\/www.magazineimagentotal.cl\/sitio\/wp-content\/uploads\/2020\/10\/FOTO-12-120x120.jpg 120w, https:\/\/www.magazineimagentotal.cl\/sitio\/wp-content\/uploads\/2020\/10\/FOTO-12-90x90.jpg 90w, https:\/\/www.magazineimagentotal.cl\/sitio\/wp-content\/uploads\/2020\/10\/FOTO-12-320x320.jpg 320w, https:\/\/www.magazineimagentotal.cl\/sitio\/wp-content\/uploads\/2020\/10\/FOTO-12-560x560.jpg 560w, https:\/\/www.magazineimagentotal.cl\/sitio\/wp-content\/uploads\/2020\/10\/FOTO-12.jpg 1200w\" ><\/a><\/figure><\/li><li class=\"blocks-gallery-item\"><figure><a href=\"https:\/\/www.magazineimagentotal.cl\/sitio\/wp-content\/uploads\/2020\/10\/FOTO-13.png\"><img  loading=\"lazy\"  decoding=\"async\"  width=\"1160\"  height=\"1160\"  src=\"data:image\/png;base64,iVBORw0KGgoAAAANSUhEUgAAAAEAAAABAQMAAAAl21bKAAAAA1BMVEUAAP+KeNJXAAAAAXRSTlMAQObYZgAAAAlwSFlzAAAOxAAADsQBlSsOGwAAAApJREFUCNdjYAAAAAIAAeIhvDMAAAAASUVORK5CYII=\"  alt=\"\"  data-id=\"3503\"  data-full-url=\"https:\/\/www.magazineimagentotal.cl\/sitio\/wp-content\/uploads\/2020\/10\/FOTO-13.png\"  data-link=\"https:\/\/www.magazineimagentotal.cl\/sitio\/?attachment_id=3503\"  class=\"wp-image-3503 pk-lazyload\"  data-pk-sizes=\"auto\"  data-ls-sizes=\"auto, (max-width: 1160px) 100vw, 1160px\"  data-pk-src=\"https:\/\/www.magazineimagentotal.cl\/sitio\/wp-content\/uploads\/2020\/10\/FOTO-13-1160x1160.png\"  data-pk-srcset=\"https:\/\/www.magazineimagentotal.cl\/sitio\/wp-content\/uploads\/2020\/10\/FOTO-13-1160x1160.png 1160w, https:\/\/www.magazineimagentotal.cl\/sitio\/wp-content\/uploads\/2020\/10\/FOTO-13-800x800.png 800w, https:\/\/www.magazineimagentotal.cl\/sitio\/wp-content\/uploads\/2020\/10\/FOTO-13-80x80.png 80w, https:\/\/www.magazineimagentotal.cl\/sitio\/wp-content\/uploads\/2020\/10\/FOTO-13-120x120.png 120w, https:\/\/www.magazineimagentotal.cl\/sitio\/wp-content\/uploads\/2020\/10\/FOTO-13-90x90.png 90w, https:\/\/www.magazineimagentotal.cl\/sitio\/wp-content\/uploads\/2020\/10\/FOTO-13-320x320.png 320w, https:\/\/www.magazineimagentotal.cl\/sitio\/wp-content\/uploads\/2020\/10\/FOTO-13-560x560.png 560w, https:\/\/www.magazineimagentotal.cl\/sitio\/wp-content\/uploads\/2020\/10\/FOTO-13.png 1200w\" ><\/a><\/figure><\/li><li class=\"blocks-gallery-item\"><figure><a href=\"https:\/\/www.magazineimagentotal.cl\/sitio\/wp-content\/uploads\/2020\/10\/FOTO-14.png\"><img  loading=\"lazy\"  decoding=\"async\"  width=\"1160\"  height=\"1160\"  src=\"data:image\/png;base64,iVBORw0KGgoAAAANSUhEUgAAAAEAAAABAQMAAAAl21bKAAAAA1BMVEUAAP+KeNJXAAAAAXRSTlMAQObYZgAAAAlwSFlzAAAOxAAADsQBlSsOGwAAAApJREFUCNdjYAAAAAIAAeIhvDMAAAAASUVORK5CYII=\"  alt=\"\"  data-id=\"3504\"  data-full-url=\"https:\/\/www.magazineimagentotal.cl\/sitio\/wp-content\/uploads\/2020\/10\/FOTO-14.png\"  data-link=\"https:\/\/www.magazineimagentotal.cl\/sitio\/?attachment_id=3504\"  class=\"wp-image-3504 pk-lazyload\"  data-pk-sizes=\"auto\"  data-ls-sizes=\"auto, (max-width: 1160px) 100vw, 1160px\"  data-pk-src=\"https:\/\/www.magazineimagentotal.cl\/sitio\/wp-content\/uploads\/2020\/10\/FOTO-14-1160x1160.png\"  data-pk-srcset=\"https:\/\/www.magazineimagentotal.cl\/sitio\/wp-content\/uploads\/2020\/10\/FOTO-14-1160x1160.png 1160w, https:\/\/www.magazineimagentotal.cl\/sitio\/wp-content\/uploads\/2020\/10\/FOTO-14-800x800.png 800w, https:\/\/www.magazineimagentotal.cl\/sitio\/wp-content\/uploads\/2020\/10\/FOTO-14-80x80.png 80w, https:\/\/www.magazineimagentotal.cl\/sitio\/wp-content\/uploads\/2020\/10\/FOTO-14-120x120.png 120w, https:\/\/www.magazineimagentotal.cl\/sitio\/wp-content\/uploads\/2020\/10\/FOTO-14-90x90.png 90w, https:\/\/www.magazineimagentotal.cl\/sitio\/wp-content\/uploads\/2020\/10\/FOTO-14-320x320.png 320w, https:\/\/www.magazineimagentotal.cl\/sitio\/wp-content\/uploads\/2020\/10\/FOTO-14-560x560.png 560w, https:\/\/www.magazineimagentotal.cl\/sitio\/wp-content\/uploads\/2020\/10\/FOTO-14.png 1200w\" ><\/a><\/figure><\/li><li class=\"blocks-gallery-item\"><figure><a href=\"https:\/\/www.magazineimagentotal.cl\/sitio\/wp-content\/uploads\/2020\/10\/FOTO-2..png\"><img  loading=\"lazy\"  decoding=\"async\"  width=\"1118\"  height=\"1418\"  src=\"data:image\/png;base64,iVBORw0KGgoAAAANSUhEUgAAAAEAAAABAQMAAAAl21bKAAAAA1BMVEUAAP+KeNJXAAAAAXRSTlMAQObYZgAAAAlwSFlzAAAOxAAADsQBlSsOGwAAAApJREFUCNdjYAAAAAIAAeIhvDMAAAAASUVORK5CYII=\"  alt=\"\"  data-id=\"3492\"  data-full-url=\"https:\/\/www.magazineimagentotal.cl\/sitio\/wp-content\/uploads\/2020\/10\/FOTO-2..png\"  data-link=\"https:\/\/www.magazineimagentotal.cl\/sitio\/?attachment_id=3492\"  class=\"wp-image-3492 pk-lazyload\"  data-pk-sizes=\"auto\"  data-ls-sizes=\"auto, (max-width: 1118px) 100vw, 1118px\"  data-pk-src=\"https:\/\/www.magazineimagentotal.cl\/sitio\/wp-content\/uploads\/2020\/10\/FOTO-2..png\"  data-pk-srcset=\"https:\/\/www.magazineimagentotal.cl\/sitio\/wp-content\/uploads\/2020\/10\/FOTO-2..png 1118w, https:\/\/www.magazineimagentotal.cl\/sitio\/wp-content\/uploads\/2020\/10\/FOTO-2.-800x1015.png 800w, https:\/\/www.magazineimagentotal.cl\/sitio\/wp-content\/uploads\/2020\/10\/FOTO-2.-120x152.png 120w, https:\/\/www.magazineimagentotal.cl\/sitio\/wp-content\/uploads\/2020\/10\/FOTO-2.-90x114.png 90w, https:\/\/www.magazineimagentotal.cl\/sitio\/wp-content\/uploads\/2020\/10\/FOTO-2.-320x406.png 320w, https:\/\/www.magazineimagentotal.cl\/sitio\/wp-content\/uploads\/2020\/10\/FOTO-2.-560x710.png 560w\" ><\/a><\/figure><\/li><\/ul><\/figure>\n","protected":false},"excerpt":{"rendered":"<p>Los d\u00edas 27 y 28 se septiembre se llev\u00f3 a cabo el 3\u00b0 Encuentro Internacional de Coloristas On Line auspiciado por el C\u00edrculo Internacional de Coloristas de Chile y www.magazineimagentotal.cl&hellip;<\/p>\n","protected":false},"author":3,"featured_media":3491,"comment_status":"open","ping_status":"open","sticky":false,"template":"","format":"standard","meta":{"footnotes":""},"categories":[7,8,12,11],"tags":[],"powerkit_post_featured":[],"class_list":{"0":"post-3490","1":"post","2":"type-post","3":"status-publish","4":"format-standard","5":"has-post-thumbnail","7":"category-actualidad-entrevistas","8":"category-entrevistas","9":"category-noticias","10":"category-peluqueria-colecciones"},"_links":{"self":[{"href":"https:\/\/www.magazineimagentotal.cl\/sitio\/wp-json\/wp\/v2\/posts\/3490","targetHints":{"allow":["GET"]}}],"collection":[{"href":"https:\/\/www.magazineimagentotal.cl\/sitio\/wp-json\/wp\/v2\/posts"}],"about":[{"href":"https:\/\/www.magazineimagentotal.cl\/sitio\/wp-json\/wp\/v2\/types\/post"}],"author":[{"embeddable":true,"href":"https:\/\/www.magazineimagentotal.cl\/sitio\/wp-json\/wp\/v2\/users\/3"}],"replies":[{"embeddable":true,"href":"https:\/\/www.magazineimagentotal.cl\/sitio\/wp-json\/wp\/v2\/comments?post=3490"}],"version-history":[{"count":1,"href":"https:\/\/www.magazineimagentotal.cl\/sitio\/wp-json\/wp\/v2\/posts\/3490\/revisions"}],"predecessor-version":[{"id":3505,"href":"https:\/\/www.magazineimagentotal.cl\/sitio\/wp-json\/wp\/v2\/posts\/3490\/revisions\/3505"}],"wp:featuredmedia":[{"embeddable":true,"href":"https:\/\/www.magazineimagentotal.cl\/sitio\/wp-json\/wp\/v2\/media\/3491"}],"wp:attachment":[{"href":"https:\/\/www.magazineimagentotal.cl\/sitio\/wp-json\/wp\/v2\/media?parent=3490"}],"wp:term":[{"taxonomy":"category","embeddable":true,"href":"https:\/\/www.magazineimagentotal.cl\/sitio\/wp-json\/wp\/v2\/categories?post=3490"},{"taxonomy":"post_tag","embeddable":true,"href":"https:\/\/www.magazineimagentotal.cl\/sitio\/wp-json\/wp\/v2\/tags?post=3490"},{"taxonomy":"powerkit_post_featured","embeddable":true,"href":"https:\/\/www.magazineimagentotal.cl\/sitio\/wp-json\/wp\/v2\/powerkit_post_featured?post=3490"}],"curies":[{"name":"wp","href":"https:\/\/api.w.org\/{rel}","templated":true}]}}