{"id":3514,"date":"2020-10-06T21:40:58","date_gmt":"2020-10-07T00:40:58","guid":{"rendered":"https:\/\/www.magazineimagentotal.cl\/sitio\/?p=3514"},"modified":"2020-10-06T21:41:00","modified_gmt":"2020-10-07T00:41:00","slug":"como-recuperar-la-piel-danada-por-la-mascarilla-barbijo-o-tapaboca","status":"publish","type":"post","link":"https:\/\/www.magazineimagentotal.cl\/sitio\/como-recuperar-la-piel-danada-por-la-mascarilla-barbijo-o-tapaboca\/","title":{"rendered":"C\u00f3mo recuperar la piel da\u00f1ada por la mascarilla, barbijo o tapaboca"},"content":{"rendered":"\n<p class=\"has-text-color has-very-dark-gray-color\">Si hablamos de uno de los accesorios de nuestro outfit que ya es parte de nuestras vidas, sin lugar a dudas nos referimos a la mascarilla, el barbijo o el tapaboca, seg\u00fan el pa\u00eds de residencia.<br>Su constante uso durante los \u00faltimos meses, la transpiraci\u00f3n y el roce pueden provocar serias irritaciones en la piel del rostro, pero no podemos discontinuar su uso, ya que debemos protegernos y evitar la propagaci\u00f3n del COVID-19.<br>Con el uso de las mascarillas, la falta de oxigenaci\u00f3n del rostro, el sudor y el roce en las zonas de m\u00e1s presi\u00f3n son una constante. Adem\u00e1s, hay algunas que poseen un acabado rugoso que potencia la aparici\u00f3n de acn\u00e9, rojeces, sequedad, dermatitis y descamaci\u00f3n.<br>Para lograr tener un cutis en perfectas condiciones, estos consejos son fundamentales:<\/p>\n\n\n\n<ul class=\"wp-block-list\"><li><span class=\"has-inline-color has-very-dark-gray-color\">Limpieza: el rostro debe ser limpiado cuidadosamente antes y despu\u00e9s del uso de la mascarilla con un limpiador suave que elimine la suciedad, la grasa, el sudor o el maquillaje. Si se tiene la obligaci\u00f3n de utilizar el barbijo durante muchas horas al d\u00eda, debe evitarse el uso de maquillaje.<\/span><\/li><\/ul>\n\n\n\n<ul class=\"wp-block-list\"><li><span class=\"has-inline-color has-very-dark-gray-color\">Hidrataci\u00f3n: se recomienda usar cremas hidratantes ligeras, dependiendo del tipo de piel. Si la piel est\u00e1 ya enrojecida a causa de la mascarilla, aplicar una crema hidratante anti-eritema y anti-irritaciones, que disminuye el n\u00famero, tama\u00f1o e intensidad de las rojeces. Adem\u00e1s, calma, suaviza y descongestiona, devolviendo a la piel alivio y confort.<\/span><\/li><\/ul>\n\n\n\n<ul class=\"wp-block-list\"><li><span class=\"has-inline-color has-very-dark-gray-color\">Cuidado Intensivo: utilizar un producto que alivie de forma inmediata en caso de reacciones adversas. Para ello, aplicar una peque\u00f1a dosis de manera local o global, tantas veces como se desee; y un b\u00e1lsamo facial que ayude a descongestionar y reconfortar la piel da\u00f1ada. De esta manera, la piel recuperar\u00e1 uniformidad, suavidad y tranquilidad.<\/span><\/li><\/ul>\n\n\n\n<p><span class=\"has-inline-color has-very-dark-gray-color\">Debemos tener en cuenta que las mascarillas nos acompa\u00f1ar\u00e1n todav\u00eda un largo tiempo. Por ello prestar especial cuidado a la piel del rostro que es muy delicada y necesita de mucho cuidado. \u00a1No lo olviden!<\/span><\/p>\n","protected":false},"excerpt":{"rendered":"<p>Si hablamos de uno de los accesorios de nuestro outfit que ya es parte de nuestras vidas, sin lugar a dudas nos referimos a la mascarilla, el barbijo o el&hellip;<\/p>\n","protected":false},"author":3,"featured_media":3516,"comment_status":"open","ping_status":"open","sticky":false,"template":"","format":"standard","meta":{"footnotes":""},"categories":[7,12],"tags":[],"powerkit_post_featured":[],"class_list":{"0":"post-3514","1":"post","2":"type-post","3":"status-publish","4":"format-standard","5":"has-post-thumbnail","7":"category-actualidad-entrevistas","8":"category-noticias"},"_links":{"self":[{"href":"https:\/\/www.magazineimagentotal.cl\/sitio\/wp-json\/wp\/v2\/posts\/3514","targetHints":{"allow":["GET"]}}],"collection":[{"href":"https:\/\/www.magazineimagentotal.cl\/sitio\/wp-json\/wp\/v2\/posts"}],"about":[{"href":"https:\/\/www.magazineimagentotal.cl\/sitio\/wp-json\/wp\/v2\/types\/post"}],"author":[{"embeddable":true,"href":"https:\/\/www.magazineimagentotal.cl\/sitio\/wp-json\/wp\/v2\/users\/3"}],"replies":[{"embeddable":true,"href":"https:\/\/www.magazineimagentotal.cl\/sitio\/wp-json\/wp\/v2\/comments?post=3514"}],"version-history":[{"count":1,"href":"https:\/\/www.magazineimagentotal.cl\/sitio\/wp-json\/wp\/v2\/posts\/3514\/revisions"}],"predecessor-version":[{"id":3517,"href":"https:\/\/www.magazineimagentotal.cl\/sitio\/wp-json\/wp\/v2\/posts\/3514\/revisions\/3517"}],"wp:featuredmedia":[{"embeddable":true,"href":"https:\/\/www.magazineimagentotal.cl\/sitio\/wp-json\/wp\/v2\/media\/3516"}],"wp:attachment":[{"href":"https:\/\/www.magazineimagentotal.cl\/sitio\/wp-json\/wp\/v2\/media?parent=3514"}],"wp:term":[{"taxonomy":"category","embeddable":true,"href":"https:\/\/www.magazineimagentotal.cl\/sitio\/wp-json\/wp\/v2\/categories?post=3514"},{"taxonomy":"post_tag","embeddable":true,"href":"https:\/\/www.magazineimagentotal.cl\/sitio\/wp-json\/wp\/v2\/tags?post=3514"},{"taxonomy":"powerkit_post_featured","embeddable":true,"href":"https:\/\/www.magazineimagentotal.cl\/sitio\/wp-json\/wp\/v2\/powerkit_post_featured?post=3514"}],"curies":[{"name":"wp","href":"https:\/\/api.w.org\/{rel}","templated":true}]}}