{"id":3519,"date":"2020-10-10T15:12:05","date_gmt":"2020-10-10T18:12:05","guid":{"rendered":"https:\/\/www.magazineimagentotal.cl\/sitio\/?p=3519"},"modified":"2020-10-10T15:12:06","modified_gmt":"2020-10-10T18:12:06","slug":"por-estas-7-razones-pierdes-clientes-en-tu-negocio","status":"publish","type":"post","link":"https:\/\/www.magazineimagentotal.cl\/sitio\/por-estas-7-razones-pierdes-clientes-en-tu-negocio\/","title":{"rendered":"Por estas 7 razones pierdes clientes en tu negocio"},"content":{"rendered":"\n<p class=\"has-text-color has-very-dark-gray-color\">Esta semana \u201cme perdieron\u201d como cliente\u2026 \u00a1y es definitivo! Llevaba 6 meses esperando que acabara la cuarentena para continuar mi tratamiento corporal y fue un desastre. La cita anterior se alarg\u00f3. Tuve que esperar un rato \u201cafuera\u201d, me atendieron de af\u00e1n, tuve problemas para el pago electr\u00f3nico y otros detalles que mejor ni recordar.<br>El punto es que me decepcion\u00e9 por la mala atenci\u00f3n que recib\u00ed y no pienso regresar nunca. Lo peor, creo, es que ni se dieron cuenta que yo la hab\u00eda pasado mal.<br>\u00bfTe ha pasado alguna vez algo similar? Perder clientes es un punto preocupante para todos los negocios porque genera \u201cventas perdidas\u201d, que muchas veces no se detectan con anticipaci\u00f3n y despu\u00e9s es tarde para recuperar.<br>Para que tu dinero no se vaya volando, hoy te compartimos en este video las principales 7 razones que hacen que los negocios pierdan clientes y te mostraremos qu\u00e9 acci\u00f3n puedes tomar para evitarlo.<\/p>\n\n\n\n<figure class=\"wp-block-embed-youtube wp-block-embed is-type-video is-provider-youtube wp-embed-aspect-16-9 wp-has-aspect-ratio\"><div class=\"wp-block-embed__wrapper\">\n<iframe loading=\"lazy\" title=\"7 Razones que hacen Perder Clientes en tu Negocio - MIT Magazine Imagen Total\" width=\"1160\" height=\"653\" src=\"https:\/\/www.youtube.com\/embed\/f6sgJWV89tY?feature=oembed\" frameborder=\"0\" allow=\"accelerometer; autoplay; clipboard-write; encrypted-media; gyroscope; picture-in-picture\" allowfullscreen><\/iframe>\n<\/div><\/figure>\n\n\n\n<p class=\"has-text-color has-very-dark-gray-color\"><strong>Martha Almarales<br><\/strong>Coach y Experta en Negocios de Belleza<br><a href=\"http:\/\/www.bbcoachacademy.cl\" target=\"_blank\" rel=\"noreferrer noopener\">www.bbcoachacademy.cl<\/a><br>@bbcoachacademy<br>Facebook: BB Coach Academy<br>YouTube: BBCOACH ACADEMY<\/p>\n","protected":false},"excerpt":{"rendered":"<p>Esta semana \u201cme perdieron\u201d como cliente\u2026 \u00a1y es definitivo! Llevaba 6 meses esperando que acabara la cuarentena para continuar mi tratamiento corporal y fue un desastre. La cita anterior se&hellip;<\/p>\n","protected":false},"author":3,"featured_media":3524,"comment_status":"open","ping_status":"open","sticky":false,"template":"","format":"standard","meta":{"footnotes":""},"categories":[7,12,11],"tags":[],"powerkit_post_featured":[],"class_list":{"0":"post-3519","1":"post","2":"type-post","3":"status-publish","4":"format-standard","5":"has-post-thumbnail","7":"category-actualidad-entrevistas","8":"category-noticias","9":"category-peluqueria-colecciones"},"_links":{"self":[{"href":"https:\/\/www.magazineimagentotal.cl\/sitio\/wp-json\/wp\/v2\/posts\/3519","targetHints":{"allow":["GET"]}}],"collection":[{"href":"https:\/\/www.magazineimagentotal.cl\/sitio\/wp-json\/wp\/v2\/posts"}],"about":[{"href":"https:\/\/www.magazineimagentotal.cl\/sitio\/wp-json\/wp\/v2\/types\/post"}],"author":[{"embeddable":true,"href":"https:\/\/www.magazineimagentotal.cl\/sitio\/wp-json\/wp\/v2\/users\/3"}],"replies":[{"embeddable":true,"href":"https:\/\/www.magazineimagentotal.cl\/sitio\/wp-json\/wp\/v2\/comments?post=3519"}],"version-history":[{"count":2,"href":"https:\/\/www.magazineimagentotal.cl\/sitio\/wp-json\/wp\/v2\/posts\/3519\/revisions"}],"predecessor-version":[{"id":3525,"href":"https:\/\/www.magazineimagentotal.cl\/sitio\/wp-json\/wp\/v2\/posts\/3519\/revisions\/3525"}],"wp:featuredmedia":[{"embeddable":true,"href":"https:\/\/www.magazineimagentotal.cl\/sitio\/wp-json\/wp\/v2\/media\/3524"}],"wp:attachment":[{"href":"https:\/\/www.magazineimagentotal.cl\/sitio\/wp-json\/wp\/v2\/media?parent=3519"}],"wp:term":[{"taxonomy":"category","embeddable":true,"href":"https:\/\/www.magazineimagentotal.cl\/sitio\/wp-json\/wp\/v2\/categories?post=3519"},{"taxonomy":"post_tag","embeddable":true,"href":"https:\/\/www.magazineimagentotal.cl\/sitio\/wp-json\/wp\/v2\/tags?post=3519"},{"taxonomy":"powerkit_post_featured","embeddable":true,"href":"https:\/\/www.magazineimagentotal.cl\/sitio\/wp-json\/wp\/v2\/powerkit_post_featured?post=3519"}],"curies":[{"name":"wp","href":"https:\/\/api.w.org\/{rel}","templated":true}]}}