{"id":3649,"date":"2020-10-16T01:15:11","date_gmt":"2020-10-16T04:15:11","guid":{"rendered":"https:\/\/www.magazineimagentotal.cl\/sitio\/?p=3649"},"modified":"2021-05-11T13:27:51","modified_gmt":"2021-05-11T16:27:51","slug":"entrevista-a-rosa-norambuena-una-buena-colorista-debe-saber-y-entender-la-base-del-color","status":"publish","type":"post","link":"https:\/\/www.magazineimagentotal.cl\/sitio\/entrevista-a-rosa-norambuena-una-buena-colorista-debe-saber-y-entender-la-base-del-color\/","title":{"rendered":"Entrevista a Rosa Norambuena: \u201cUna buena colorista debe saber y entender la base del color\u201d"},"content":{"rendered":"\n<p class=\"has-very-dark-gray-color has-text-color\">La experta colorista y miembro del C\u00edrculo Internacional de Coloristas de Chile, Rosa Norambuena, se inici\u00f3 en el mundo de la peluquer\u00eda en el 2010, luego del terremoto, estudiando en un conocido lugar de Curic\u00f3. Instal\u00f3 una peque\u00f1a peluquer\u00eda en su hogar y realiz\u00f3 capacitaciones con destacados maestros del rubro: un curso de colorista profesional con Gustavo D\u00edaz, diversos talleres y perfeccionamientos. Con el anhelo de que sus colegas pudieran capacitarse, fue pionera en el dictado de talleres y capacitaciones en Curic\u00f3, llevando a grandes exponentes del mundo de la belleza y reconocidas marcas profesionales.<br>Con mucho esfuerzo y perseverancia instal\u00f3 su sal\u00f3n Rosa Norambuena (RENG) en pleno centro de la ciudad, continuando con los perfeccionamientos y su crecimiento profesional. Tambi\u00e9n particip\u00f3 de Cosmosal\u00f3n como exponente en \u201cTendencia de color\u201d con un trabajo de color en contraste que fue muy comentado por todos los asistentes. En los \u00faltimos meses brind\u00f3 todos sus conocimientos a los profesionales que formaron parte del \u201cSegundo Encuentro Internacional de Coloristas On Line\u201d.<\/p>\n\n\n\n<figure class=\"wp-block-gallery columns-3 is-cropped wp-block-gallery-1 is-layout-flex wp-block-gallery-is-layout-flex\"><ul class=\"blocks-gallery-grid\"><li class=\"blocks-gallery-item\"><figure><img  loading=\"lazy\"  decoding=\"async\"  width=\"631\"  height=\"1145\"  src=\"data:image\/png;base64,iVBORw0KGgoAAAANSUhEUgAAAAEAAAABAQMAAAAl21bKAAAAA1BMVEUAAP+KeNJXAAAAAXRSTlMAQObYZgAAAAlwSFlzAAAOxAAADsQBlSsOGwAAAApJREFUCNdjYAAAAAIAAeIhvDMAAAAASUVORK5CYII=\"  alt=\"\"  data-id=\"3650\"  data-full-url=\"https:\/\/www.magazineimagentotal.cl\/sitio\/wp-content\/uploads\/2020\/10\/NORAMBUENA-1.png\"  data-link=\"https:\/\/www.magazineimagentotal.cl\/sitio\/?attachment_id=3650\"  class=\"wp-image-3650 pk-lazyload\"  data-pk-sizes=\"auto\"  data-ls-sizes=\"auto, (max-width: 631px) 100vw, 631px\"  data-pk-src=\"https:\/\/www.magazineimagentotal.cl\/sitio\/wp-content\/uploads\/2020\/10\/NORAMBUENA-1.png\"  data-pk-srcset=\"https:\/\/www.magazineimagentotal.cl\/sitio\/wp-content\/uploads\/2020\/10\/NORAMBUENA-1.png 631w, https:\/\/www.magazineimagentotal.cl\/sitio\/wp-content\/uploads\/2020\/10\/NORAMBUENA-1-120x218.png 120w, https:\/\/www.magazineimagentotal.cl\/sitio\/wp-content\/uploads\/2020\/10\/NORAMBUENA-1-90x163.png 90w, https:\/\/www.magazineimagentotal.cl\/sitio\/wp-content\/uploads\/2020\/10\/NORAMBUENA-1-320x581.png 320w, https:\/\/www.magazineimagentotal.cl\/sitio\/wp-content\/uploads\/2020\/10\/NORAMBUENA-1-560x1016.png 560w\" ><\/figure><\/li><li class=\"blocks-gallery-item\"><figure><img  loading=\"lazy\"  decoding=\"async\"  width=\"829\"  height=\"714\"  src=\"data:image\/png;base64,iVBORw0KGgoAAAANSUhEUgAAAAEAAAABAQMAAAAl21bKAAAAA1BMVEUAAP+KeNJXAAAAAXRSTlMAQObYZgAAAAlwSFlzAAAOxAAADsQBlSsOGwAAAApJREFUCNdjYAAAAAIAAeIhvDMAAAAASUVORK5CYII=\"  alt=\"\"  data-id=\"3651\"  data-full-url=\"https:\/\/www.magazineimagentotal.cl\/sitio\/wp-content\/uploads\/2020\/10\/NORAMBUENA-2.png\"  data-link=\"https:\/\/www.magazineimagentotal.cl\/sitio\/?attachment_id=3651\"  class=\"wp-image-3651 pk-lazyload\"  data-pk-sizes=\"auto\"  data-ls-sizes=\"auto, (max-width: 829px) 100vw, 829px\"  data-pk-src=\"https:\/\/www.magazineimagentotal.cl\/sitio\/wp-content\/uploads\/2020\/10\/NORAMBUENA-2.png\"  data-pk-srcset=\"https:\/\/www.magazineimagentotal.cl\/sitio\/wp-content\/uploads\/2020\/10\/NORAMBUENA-2.png 829w, https:\/\/www.magazineimagentotal.cl\/sitio\/wp-content\/uploads\/2020\/10\/NORAMBUENA-2-800x689.png 800w, https:\/\/www.magazineimagentotal.cl\/sitio\/wp-content\/uploads\/2020\/10\/NORAMBUENA-2-120x103.png 120w, https:\/\/www.magazineimagentotal.cl\/sitio\/wp-content\/uploads\/2020\/10\/NORAMBUENA-2-90x78.png 90w, https:\/\/www.magazineimagentotal.cl\/sitio\/wp-content\/uploads\/2020\/10\/NORAMBUENA-2-320x276.png 320w, https:\/\/www.magazineimagentotal.cl\/sitio\/wp-content\/uploads\/2020\/10\/NORAMBUENA-2-560x482.png 560w\" ><\/figure><\/li><li class=\"blocks-gallery-item\"><figure><img  loading=\"lazy\"  decoding=\"async\"  width=\"562\"  height=\"540\"  src=\"data:image\/png;base64,iVBORw0KGgoAAAANSUhEUgAAAAEAAAABAQMAAAAl21bKAAAAA1BMVEUAAP+KeNJXAAAAAXRSTlMAQObYZgAAAAlwSFlzAAAOxAAADsQBlSsOGwAAAApJREFUCNdjYAAAAAIAAeIhvDMAAAAASUVORK5CYII=\"  alt=\"\"  data-id=\"3654\"  data-full-url=\"https:\/\/www.magazineimagentotal.cl\/sitio\/wp-content\/uploads\/2020\/10\/NORAMBUENA-5.png\"  data-link=\"https:\/\/www.magazineimagentotal.cl\/sitio\/?attachment_id=3654\"  class=\"wp-image-3654 pk-lazyload\"  data-pk-sizes=\"auto\"  data-ls-sizes=\"auto, (max-width: 562px) 100vw, 562px\"  data-pk-src=\"https:\/\/www.magazineimagentotal.cl\/sitio\/wp-content\/uploads\/2020\/10\/NORAMBUENA-5.png\"  data-pk-srcset=\"https:\/\/www.magazineimagentotal.cl\/sitio\/wp-content\/uploads\/2020\/10\/NORAMBUENA-5.png 562w, https:\/\/www.magazineimagentotal.cl\/sitio\/wp-content\/uploads\/2020\/10\/NORAMBUENA-5-120x115.png 120w, https:\/\/www.magazineimagentotal.cl\/sitio\/wp-content\/uploads\/2020\/10\/NORAMBUENA-5-90x86.png 90w, https:\/\/www.magazineimagentotal.cl\/sitio\/wp-content\/uploads\/2020\/10\/NORAMBUENA-5-320x307.png 320w, https:\/\/www.magazineimagentotal.cl\/sitio\/wp-content\/uploads\/2020\/10\/NORAMBUENA-5-560x538.png 560w\" ><\/figure><\/li><\/ul><\/figure>\n\n\n\n<p class=\"has-very-dark-gray-color has-text-color\"><strong>\u00bfQui\u00e9n es Rosa Norambuena?<br><\/strong>Una mujer sencilla, honesta y perseverante, madre de tres hijos, el pilar fundamental de mi hogar. Hoy en d\u00eda soy peluquera y colorista profesional.<\/p>\n\n\n\n<p class=\"has-very-dark-gray-color has-text-color\"><strong>\u00bfPor qu\u00e9 elige ser peluquera todos los d\u00edas?<br><\/strong>Porque es la profesi\u00f3n que eleg\u00ed, donde sigo desarroll\u00e1ndome m\u00e1s como profesional y entregando as\u00ed un mejor servicio de calidad a mis clientas.<\/p>\n\n\n\n<p class=\"has-very-dark-gray-color has-text-color\"><strong>\u00bfSu herramienta favorita?<br><\/strong>Herramienta favorita no tengo, creo que todas son importantes para lograr un buen servicio y personalizar un estilo propio. Si tuviera que elegir una herramienta ser\u00eda un secador de cabello que sea liviano, c\u00f3modo y de buena potencia.<\/p>\n\n\n\n<p class=\"has-very-dark-gray-color has-text-color\"><strong>\u00bfCu\u00e1les son las caracter\u00edsticas que debe tener una buena colorista?<br><\/strong>Una buena colorista, primero que todo, debe saber y entender la base del color. Desde lo m\u00e1s b\u00e1sico a lo m\u00e1s avanzado para as\u00ed lograr neutralizaciones y correctas decoloraciones sin da\u00f1ar el cabello, logrando la perfecci\u00f3n en el trabajo deseado. Todo esto se logra mediante constantes perfeccionamientos y capacitaciones. Se debe estar al d\u00eda con las nuevas tendencias.<\/p>\n\n\n\n<p class=\"has-very-dark-gray-color has-text-color\"><strong>\u00bfQu\u00e9 diferencias encuentra entre las clases presenciales y las clases virtuales?<br><\/strong>Para m\u00ed, en lo personal, las clases virtuales se crearon en un contexto de pandemia a modo de reinventarnos econ\u00f3micamente y tambi\u00e9n para poder capacitarnos te\u00f3ricamente, pero el estar presente siempre es mejor, ya que se puede apreciar y corregir de manera m\u00e1s minuciosa los colores, los errores en los trabajos, la comunicaci\u00f3n alumno profesor\u2026 Virtualmente no todos tienen buena conectividad y tecnolog\u00eda de imagen, lo que dificulta la entrega de la informaci\u00f3n y correcto aprendizaje.<\/p>\n\n\n\n<p class=\"has-very-dark-gray-color has-text-color\"><strong>\u00bfC\u00f3mo ve a la nueva generaci\u00f3n de estudiantes de peluquer\u00eda en relaci\u00f3n a la de 10 a\u00f1os atr\u00e1s?<br><\/strong>Hoy en d\u00eda, gracias al avance tecnol\u00f3gico, las nuevas generaciones tienen m\u00e1s oportunidades de buscar informaci\u00f3n y material de apoyo, logrando otros contenidos y conceptos que les permite conocer ampliamente marcas, productos, capacitaciones; pero, a su vez, les juegan en contra las capacitaciones informales quegeneran confusi\u00f3n cuando un profesor les entrega la peluquer\u00eda universal.<\/p>\n\n\n\n<p class=\"has-very-dark-gray-color has-text-color\"><strong>\u00bfQu\u00e9 ense\u00f1anzas le dej\u00f3 la pandemia a nivel personal y profesional?<br><\/strong>En lo personal, a valorar m\u00e1s el tiempo con mi familia, disfrutar m\u00e1s de ellos, agradecer todos los d\u00edas por la vida y la salud. Nos gusta tanto lo que hacemos que descuidamos o postergamos a nuestros seres queridos. Por \u00faltimo, me dej\u00f3 la posibilidad de darme un tiempo para m\u00ed.<br>En lo profesional me tuve que reinventar. Econ\u00f3micamente me afect\u00f3, pero me ense\u00f1\u00f3 a no bajar los brazos, a ser ahorrativa y a tener un plan B. Creo que mantener un amplio stock de productos es clave para poder continuar. Tener nuestra iniciaci\u00f3n de actividades es muy importante, ya que nos permite abrir oportunidades a cr\u00e9ditos para levantar nuestro negocio.<\/p>\n\n\n\n<figure class=\"wp-block-gallery columns-2 is-cropped wp-block-gallery-2 is-layout-flex wp-block-gallery-is-layout-flex\"><ul class=\"blocks-gallery-grid\"><li class=\"blocks-gallery-item\"><figure><img  loading=\"lazy\"  decoding=\"async\"  width=\"552\"  height=\"736\"  src=\"data:image\/png;base64,iVBORw0KGgoAAAANSUhEUgAAAAEAAAABAQMAAAAl21bKAAAAA1BMVEUAAP+KeNJXAAAAAXRSTlMAQObYZgAAAAlwSFlzAAAOxAAADsQBlSsOGwAAAApJREFUCNdjYAAAAAIAAeIhvDMAAAAASUVORK5CYII=\"  alt=\"\"  data-id=\"3653\"  data-full-url=\"https:\/\/www.magazineimagentotal.cl\/sitio\/wp-content\/uploads\/2020\/10\/NORAMBUENA-4.jpeg\"  data-link=\"https:\/\/www.magazineimagentotal.cl\/sitio\/?attachment_id=3653\"  class=\"wp-image-3653 pk-lazyload\"  data-pk-sizes=\"auto\"  data-ls-sizes=\"auto, (max-width: 552px) 100vw, 552px\"  data-pk-src=\"https:\/\/www.magazineimagentotal.cl\/sitio\/wp-content\/uploads\/2020\/10\/NORAMBUENA-4.jpeg\"  data-pk-srcset=\"https:\/\/www.magazineimagentotal.cl\/sitio\/wp-content\/uploads\/2020\/10\/NORAMBUENA-4.jpeg 552w, https:\/\/www.magazineimagentotal.cl\/sitio\/wp-content\/uploads\/2020\/10\/NORAMBUENA-4-120x160.jpeg 120w, https:\/\/www.magazineimagentotal.cl\/sitio\/wp-content\/uploads\/2020\/10\/NORAMBUENA-4-90x120.jpeg 90w, https:\/\/www.magazineimagentotal.cl\/sitio\/wp-content\/uploads\/2020\/10\/NORAMBUENA-4-320x427.jpeg 320w\" ><\/figure><\/li><li class=\"blocks-gallery-item\"><figure><img  loading=\"lazy\"  decoding=\"async\"  width=\"826\"  height=\"1099\"  src=\"data:image\/png;base64,iVBORw0KGgoAAAANSUhEUgAAAAEAAAABAQMAAAAl21bKAAAAA1BMVEUAAP+KeNJXAAAAAXRSTlMAQObYZgAAAAlwSFlzAAAOxAAADsQBlSsOGwAAAApJREFUCNdjYAAAAAIAAeIhvDMAAAAASUVORK5CYII=\"  alt=\"\"  data-id=\"3652\"  data-full-url=\"https:\/\/www.magazineimagentotal.cl\/sitio\/wp-content\/uploads\/2020\/10\/NORAMBUENA-3.jpeg\"  data-link=\"https:\/\/www.magazineimagentotal.cl\/sitio\/?attachment_id=3652\"  class=\"wp-image-3652 pk-lazyload\"  data-pk-sizes=\"auto\"  data-ls-sizes=\"auto, (max-width: 826px) 100vw, 826px\"  data-pk-src=\"https:\/\/www.magazineimagentotal.cl\/sitio\/wp-content\/uploads\/2020\/10\/NORAMBUENA-3.jpeg\"  data-pk-srcset=\"https:\/\/www.magazineimagentotal.cl\/sitio\/wp-content\/uploads\/2020\/10\/NORAMBUENA-3.jpeg 826w, https:\/\/www.magazineimagentotal.cl\/sitio\/wp-content\/uploads\/2020\/10\/NORAMBUENA-3-800x1064.jpeg 800w, https:\/\/www.magazineimagentotal.cl\/sitio\/wp-content\/uploads\/2020\/10\/NORAMBUENA-3-120x160.jpeg 120w, https:\/\/www.magazineimagentotal.cl\/sitio\/wp-content\/uploads\/2020\/10\/NORAMBUENA-3-90x120.jpeg 90w, https:\/\/www.magazineimagentotal.cl\/sitio\/wp-content\/uploads\/2020\/10\/NORAMBUENA-3-320x427.jpeg 320w, https:\/\/www.magazineimagentotal.cl\/sitio\/wp-content\/uploads\/2020\/10\/NORAMBUENA-3-560x745.jpeg 560w\" ><\/figure><\/li><\/ul><\/figure>\n\n\n\n<p class=\"has-very-dark-gray-color has-text-color\"><strong>\u00bfCu\u00e1les son las tendencias en coloraci\u00f3n para la nueva temporada?<br><\/strong>Si bien es cierto que la t\u00e9cnica en gorra es antiqu\u00edsima, ya que comenz\u00f3 con el inicio de la peluquer\u00eda (viso tradicional), en la actualidad existen nuevas t\u00e9cnicas que he desarrollado haci\u00e9ndolas muy propias y personalizadas para la clienta. Logro un efecto de balayage, contorno, efecto natural crecimiento (esfumado) e infinidades de tonos a gusto de la clienta, incluyendo colores de fantas\u00eda, analog\u00eda y contrastes.<\/p>\n\n\n\n<p class=\"has-very-dark-gray-color has-text-color\"><strong>Proyectos para el futuro.<br><\/strong>Me encuentro trabajando en uno de mis proyectos: abrir un nuevo sal\u00f3n m\u00e1s grande y exclusivo que incluye otros servicios de belleza junto a mi hija Hellen Valenzuela que es maquilladora profesional y un buen equipo de trabajo. Pronto lo estar\u00e9 inaugurando.<br>Adem\u00e1s, quiero seguir perfeccionando y capacitando a profesionales que deseen ampliar sus conocimientos en el \u00e1rea de la belleza. Por eso, tambi\u00e9n tengo como proyecto a futuro abrir mi academia y otros salones a nivel nacional.<\/p>\n","protected":false},"excerpt":{"rendered":"<p>La experta colorista y miembro del C\u00edrculo Internacional de Coloristas de Chile, Rosa Norambuena, se inici\u00f3 en el mundo de la peluquer\u00eda en el 2010, luego del terremoto, estudiando en&hellip;<\/p>\n","protected":false},"author":3,"featured_media":5834,"comment_status":"open","ping_status":"open","sticky":false,"template":"","format":"standard","meta":{"footnotes":""},"categories":[7,8,11],"tags":[],"powerkit_post_featured":[],"class_list":{"0":"post-3649","1":"post","2":"type-post","3":"status-publish","4":"format-standard","5":"has-post-thumbnail","7":"category-actualidad-entrevistas","8":"category-entrevistas","9":"category-peluqueria-colecciones"},"_links":{"self":[{"href":"https:\/\/www.magazineimagentotal.cl\/sitio\/wp-json\/wp\/v2\/posts\/3649","targetHints":{"allow":["GET"]}}],"collection":[{"href":"https:\/\/www.magazineimagentotal.cl\/sitio\/wp-json\/wp\/v2\/posts"}],"about":[{"href":"https:\/\/www.magazineimagentotal.cl\/sitio\/wp-json\/wp\/v2\/types\/post"}],"author":[{"embeddable":true,"href":"https:\/\/www.magazineimagentotal.cl\/sitio\/wp-json\/wp\/v2\/users\/3"}],"replies":[{"embeddable":true,"href":"https:\/\/www.magazineimagentotal.cl\/sitio\/wp-json\/wp\/v2\/comments?post=3649"}],"version-history":[{"count":2,"href":"https:\/\/www.magazineimagentotal.cl\/sitio\/wp-json\/wp\/v2\/posts\/3649\/revisions"}],"predecessor-version":[{"id":5836,"href":"https:\/\/www.magazineimagentotal.cl\/sitio\/wp-json\/wp\/v2\/posts\/3649\/revisions\/5836"}],"wp:featuredmedia":[{"embeddable":true,"href":"https:\/\/www.magazineimagentotal.cl\/sitio\/wp-json\/wp\/v2\/media\/5834"}],"wp:attachment":[{"href":"https:\/\/www.magazineimagentotal.cl\/sitio\/wp-json\/wp\/v2\/media?parent=3649"}],"wp:term":[{"taxonomy":"category","embeddable":true,"href":"https:\/\/www.magazineimagentotal.cl\/sitio\/wp-json\/wp\/v2\/categories?post=3649"},{"taxonomy":"post_tag","embeddable":true,"href":"https:\/\/www.magazineimagentotal.cl\/sitio\/wp-json\/wp\/v2\/tags?post=3649"},{"taxonomy":"powerkit_post_featured","embeddable":true,"href":"https:\/\/www.magazineimagentotal.cl\/sitio\/wp-json\/wp\/v2\/powerkit_post_featured?post=3649"}],"curies":[{"name":"wp","href":"https:\/\/api.w.org\/{rel}","templated":true}]}}