{"id":3805,"date":"2020-10-31T00:35:39","date_gmt":"2020-10-31T03:35:39","guid":{"rendered":"https:\/\/www.magazineimagentotal.cl\/sitio\/?p=3805"},"modified":"2020-10-31T00:35:40","modified_gmt":"2020-10-31T03:35:40","slug":"entrevista-a-bruno-salas-me-defino-como-un-hacedor-de-estilo-y-belleza","status":"publish","type":"post","link":"https:\/\/www.magazineimagentotal.cl\/sitio\/entrevista-a-bruno-salas-me-defino-como-un-hacedor-de-estilo-y-belleza\/","title":{"rendered":"Entrevista a Bruno Salas: \u201cMe defino como un hacedor de estilo y belleza\u201d"},"content":{"rendered":"\n<p class=\"has-text-color has-very-dark-gray-color\">Bruno Salas es un estilista argentino con 48 a\u00f1os dedicados a la belleza y la moda. Miles de mujeres y hombres pasaron por sus expertas manos a lo largo de su vasta trayectoria y tuvieron la oportunidad de conocer ese \u201ctouch especial\u201d que s\u00f3lo tienen los grandes profesionales y que no se puede imitar.<br>Creativo, didacta y estudioso incansable, cautiv\u00f3 a diversos p\u00fablicos de todo el mundo con sus colecciones y presentaciones que siempre dejan mucha tela que cortar.<br>El embajador de Silkey Mundial se anima a esta entrevista y nos cuenta un poco m\u00e1s acerca de su profesi\u00f3n y vida. <\/p>\n\n\n\n<p class=\"has-text-color has-very-dark-gray-color\"><strong>\u00bfCu\u00e1ndo y c\u00f3mo incursiona en el mundo de la peluquer\u00eda?<br><\/strong>Desde muy temprana edad, a los 8 a\u00f1os, decid\u00ed con total convicci\u00f3n dedicarme al mundo de la belleza. Con 13 a\u00f1os logr\u00e9 mi primer trabajo, aun estudiando en APPYA y cursando los estudios secundarios. Fue Juan Carlos Altopieri quien me dio esa primera oportunidad, tal vez por asombro y curiosidad al verme tan seguro de m\u00ed. Creo tambi\u00e9n que tuvo mucho que ver la opini\u00f3n en ese tiempo de mi maestro Emilio Ruffini de FAPYA. Fueron grandes hombres de la alta peluquer\u00eda argentina. Fui un privilegiado.<\/p>\n\n\n\n<p class=\"has-text-color has-very-dark-gray-color\"><strong>\u00bfC\u00f3mo se define?<br><\/strong>Me defino como un \u201chacedor de estilo y belleza\u201d.<\/p>\n\n\n\n<figure class=\"wp-block-gallery columns-2 is-cropped wp-block-gallery-1 is-layout-flex wp-block-gallery-is-layout-flex\"><ul class=\"blocks-gallery-grid\"><li class=\"blocks-gallery-item\"><figure><img  loading=\"lazy\"  decoding=\"async\"  width=\"320\"  height=\"320\"  src=\"data:image\/png;base64,iVBORw0KGgoAAAANSUhEUgAAAAEAAAABAQMAAAAl21bKAAAAA1BMVEUAAP+KeNJXAAAAAXRSTlMAQObYZgAAAAlwSFlzAAAOxAAADsQBlSsOGwAAAApJREFUCNdjYAAAAAIAAeIhvDMAAAAASUVORK5CYII=\"  alt=\"\"  data-id=\"3808\"  class=\"wp-image-3808 pk-lazyload\"  data-pk-sizes=\"auto\"  data-ls-sizes=\"auto, (max-width: 320px) 100vw, 320px\"  data-pk-src=\"https:\/\/www.magazineimagentotal.cl\/sitio\/wp-content\/uploads\/2020\/10\/BRUNO-SALAS-9.jpeg\"  data-pk-srcset=\"https:\/\/www.magazineimagentotal.cl\/sitio\/wp-content\/uploads\/2020\/10\/BRUNO-SALAS-9.jpeg 320w, https:\/\/www.magazineimagentotal.cl\/sitio\/wp-content\/uploads\/2020\/10\/BRUNO-SALAS-9-80x80.jpeg 80w, https:\/\/www.magazineimagentotal.cl\/sitio\/wp-content\/uploads\/2020\/10\/BRUNO-SALAS-9-120x120.jpeg 120w, https:\/\/www.magazineimagentotal.cl\/sitio\/wp-content\/uploads\/2020\/10\/BRUNO-SALAS-9-90x90.jpeg 90w\" ><\/figure><\/li><li class=\"blocks-gallery-item\"><figure><img  loading=\"lazy\"  decoding=\"async\"  width=\"961\"  height=\"1280\"  src=\"data:image\/png;base64,iVBORw0KGgoAAAANSUhEUgAAAAEAAAABAQMAAAAl21bKAAAAA1BMVEUAAP+KeNJXAAAAAXRSTlMAQObYZgAAAAlwSFlzAAAOxAAADsQBlSsOGwAAAApJREFUCNdjYAAAAAIAAeIhvDMAAAAASUVORK5CYII=\"  alt=\"\"  data-id=\"3809\"  data-full-url=\"https:\/\/www.magazineimagentotal.cl\/sitio\/wp-content\/uploads\/2020\/10\/BRUNO-SALAS-12.jpeg\"  data-link=\"https:\/\/www.magazineimagentotal.cl\/sitio\/?attachment_id=3809\"  class=\"wp-image-3809 pk-lazyload\"  data-pk-sizes=\"auto\"  data-ls-sizes=\"auto, (max-width: 961px) 100vw, 961px\"  data-pk-src=\"https:\/\/www.magazineimagentotal.cl\/sitio\/wp-content\/uploads\/2020\/10\/BRUNO-SALAS-12.jpeg\"  data-pk-srcset=\"https:\/\/www.magazineimagentotal.cl\/sitio\/wp-content\/uploads\/2020\/10\/BRUNO-SALAS-12.jpeg 961w, https:\/\/www.magazineimagentotal.cl\/sitio\/wp-content\/uploads\/2020\/10\/BRUNO-SALAS-12-800x1067.jpeg 800w, https:\/\/www.magazineimagentotal.cl\/sitio\/wp-content\/uploads\/2020\/10\/BRUNO-SALAS-12-120x160.jpeg 120w, https:\/\/www.magazineimagentotal.cl\/sitio\/wp-content\/uploads\/2020\/10\/BRUNO-SALAS-12-90x120.jpeg 90w, https:\/\/www.magazineimagentotal.cl\/sitio\/wp-content\/uploads\/2020\/10\/BRUNO-SALAS-12-320x427.jpeg 320w, https:\/\/www.magazineimagentotal.cl\/sitio\/wp-content\/uploads\/2020\/10\/BRUNO-SALAS-12-560x747.jpeg 560w\" ><\/figure><\/li><\/ul><\/figure>\n\n\n\n<p class=\"has-text-color has-very-dark-gray-color\"><strong>\u00bfQu\u00e9 lo diferencia de los dem\u00e1s estilistas de Argentina?<br><\/strong>Creo que la diferencia est\u00e1 en que nunca tuve una meta fijada. Fui siendo naturalmente lo que soy y a\u00fan hoy sigo sin darme cuenta y, por otra parte, \u201cnunca mir\u00e9 la quinta ajena\u201d.<\/p>\n\n\n\n<p class=\"has-text-color has-very-dark-gray-color\"><strong>\u00bfEn qu\u00e9 se especializa?<br><\/strong>No soy especialista en nada. Soy un estudioso de todo: maquillo, peino, dise\u00f1o\u2026 simplemente embellezco gente.<\/p>\n\n\n\n<div class=\"wp-block-image\"><figure class=\"aligncenter size-large is-resized\"><img  loading=\"lazy\"  decoding=\"async\"  src=\"data:image\/png;base64,iVBORw0KGgoAAAANSUhEUgAAAAEAAAABAQMAAAAl21bKAAAAA1BMVEUAAP+KeNJXAAAAAXRSTlMAQObYZgAAAAlwSFlzAAAOxAAADsQBlSsOGwAAAApJREFUCNdjYAAAAAIAAeIhvDMAAAAASUVORK5CYII=\"  alt=\"\"  class=\"wp-image-3811 pk-lazyload\"  width=\"529\"  height=\"352\"  data-pk-sizes=\"auto\"  data-ls-sizes=\"auto, (max-width: 529px) 100vw, 529px\"  data-pk-src=\"https:\/\/www.magazineimagentotal.cl\/sitio\/wp-content\/uploads\/2020\/10\/BRUNO-SALAS-6-1-1160x773.jpeg\"  data-pk-srcset=\"https:\/\/www.magazineimagentotal.cl\/sitio\/wp-content\/uploads\/2020\/10\/BRUNO-SALAS-6-1-1160x773.jpeg 1160w, https:\/\/www.magazineimagentotal.cl\/sitio\/wp-content\/uploads\/2020\/10\/BRUNO-SALAS-6-1-800x533.jpeg 800w, https:\/\/www.magazineimagentotal.cl\/sitio\/wp-content\/uploads\/2020\/10\/BRUNO-SALAS-6-1-120x80.jpeg 120w, https:\/\/www.magazineimagentotal.cl\/sitio\/wp-content\/uploads\/2020\/10\/BRUNO-SALAS-6-1-90x60.jpeg 90w, https:\/\/www.magazineimagentotal.cl\/sitio\/wp-content\/uploads\/2020\/10\/BRUNO-SALAS-6-1-320x213.jpeg 320w, https:\/\/www.magazineimagentotal.cl\/sitio\/wp-content\/uploads\/2020\/10\/BRUNO-SALAS-6-1-560x373.jpeg 560w, https:\/\/www.magazineimagentotal.cl\/sitio\/wp-content\/uploads\/2020\/10\/BRUNO-SALAS-6-1.jpeg 1280w\" ><\/figure><\/div>\n\n\n\n<p class=\"has-text-color has-very-dark-gray-color\"><strong>\u00bfA qui\u00e9n o qui\u00e9nes admira?<br><\/strong>Admiro el arte, el carisma, el don de la docencia y la magia de mis referentes Flavio Orsini, Oscar Colombo, Alexandre de Paris, Aldo Coppola y Vidal Sassoon. En la actualidad admiro y me nutro de la vanguardia. Son muchos los j\u00f3venes que llevan adelante este maravilloso mundo de la t\u00e9cnica y la creatividad.<\/p>\n\n\n\n<p class=\"has-text-color has-very-dark-gray-color\"><strong>\u00bfCu\u00e1l es el premio que m\u00e1s lo llena de orgullo? \u00bfD\u00f3nde lo guarda?<br><\/strong>A lo largo de mi carrera he recibido m\u00e1s de trescientos premios y distinciones dentro y fuera de mi pa\u00eds. Todos me llenan de orgullo, los llevo en mi coraz\u00f3n y son atesorados en mi conciencia.<\/p>\n\n\n\n<figure class=\"wp-block-gallery aligncenter columns-2 is-cropped wp-block-gallery-2 is-layout-flex wp-block-gallery-is-layout-flex\"><ul class=\"blocks-gallery-grid\"><li class=\"blocks-gallery-item\"><figure><img  loading=\"lazy\"  decoding=\"async\"  width=\"720\"  height=\"1280\"  src=\"data:image\/png;base64,iVBORw0KGgoAAAANSUhEUgAAAAEAAAABAQMAAAAl21bKAAAAA1BMVEUAAP+KeNJXAAAAAXRSTlMAQObYZgAAAAlwSFlzAAAOxAAADsQBlSsOGwAAAApJREFUCNdjYAAAAAIAAeIhvDMAAAAASUVORK5CYII=\"  alt=\"\"  data-id=\"3807\"  class=\"wp-image-3807 pk-lazyload\"  data-pk-sizes=\"auto\"  data-ls-sizes=\"auto, (max-width: 720px) 100vw, 720px\"  data-pk-src=\"https:\/\/www.magazineimagentotal.cl\/sitio\/wp-content\/uploads\/2020\/10\/BRUNO-SALAS-8.jpeg\"  data-pk-srcset=\"https:\/\/www.magazineimagentotal.cl\/sitio\/wp-content\/uploads\/2020\/10\/BRUNO-SALAS-8.jpeg 720w, https:\/\/www.magazineimagentotal.cl\/sitio\/wp-content\/uploads\/2020\/10\/BRUNO-SALAS-8-120x213.jpeg 120w, https:\/\/www.magazineimagentotal.cl\/sitio\/wp-content\/uploads\/2020\/10\/BRUNO-SALAS-8-90x160.jpeg 90w, https:\/\/www.magazineimagentotal.cl\/sitio\/wp-content\/uploads\/2020\/10\/BRUNO-SALAS-8-320x569.jpeg 320w, https:\/\/www.magazineimagentotal.cl\/sitio\/wp-content\/uploads\/2020\/10\/BRUNO-SALAS-8-560x996.jpeg 560w\" ><\/figure><\/li><li class=\"blocks-gallery-item\"><figure><img  loading=\"lazy\"  decoding=\"async\"  width=\"682\"  height=\"1157\"  src=\"data:image\/png;base64,iVBORw0KGgoAAAANSUhEUgAAAAEAAAABAQMAAAAl21bKAAAAA1BMVEUAAP+KeNJXAAAAAXRSTlMAQObYZgAAAAlwSFlzAAAOxAAADsQBlSsOGwAAAApJREFUCNdjYAAAAAIAAeIhvDMAAAAASUVORK5CYII=\"  alt=\"\"  data-id=\"3812\"  data-full-url=\"https:\/\/www.magazineimagentotal.cl\/sitio\/wp-content\/uploads\/2020\/10\/BRUNO-SALAS-5.jpeg\"  data-link=\"https:\/\/www.magazineimagentotal.cl\/sitio\/?attachment_id=3812\"  class=\"wp-image-3812 pk-lazyload\"  data-pk-sizes=\"auto\"  data-ls-sizes=\"auto, (max-width: 682px) 100vw, 682px\"  data-pk-src=\"https:\/\/www.magazineimagentotal.cl\/sitio\/wp-content\/uploads\/2020\/10\/BRUNO-SALAS-5.jpeg\"  data-pk-srcset=\"https:\/\/www.magazineimagentotal.cl\/sitio\/wp-content\/uploads\/2020\/10\/BRUNO-SALAS-5.jpeg 682w, https:\/\/www.magazineimagentotal.cl\/sitio\/wp-content\/uploads\/2020\/10\/BRUNO-SALAS-5-120x204.jpeg 120w, https:\/\/www.magazineimagentotal.cl\/sitio\/wp-content\/uploads\/2020\/10\/BRUNO-SALAS-5-90x153.jpeg 90w, https:\/\/www.magazineimagentotal.cl\/sitio\/wp-content\/uploads\/2020\/10\/BRUNO-SALAS-5-320x543.jpeg 320w, https:\/\/www.magazineimagentotal.cl\/sitio\/wp-content\/uploads\/2020\/10\/BRUNO-SALAS-5-560x950.jpeg 560w\" ><\/figure><\/li><\/ul><\/figure>\n\n\n\n<p class=\"has-text-color has-very-dark-gray-color\"><strong>\u00bfCu\u00e1l es la herramienta que atesora desde sus inicios? \u00bfPor qu\u00e9?<br><\/strong>Soy de los que piensa que mis recuerdos son para la gente. Siempre voy desprendi\u00e9ndome de los objetos que atesoro y los regalo o los dono a quien corresponda y lo merezca, pero guardo -a\u00fan en uso- mi tijera Paullucci (italiana), la cual me acompa\u00f1a hace m\u00e1s de treinta a\u00f1os. Est\u00e1 impecable.<\/p>\n\n\n\n<p class=\"has-text-color has-very-dark-gray-color\"><strong>\u00bfQu\u00e9 herramientas o productos no deben faltar en su malet\u00edn?<br><\/strong>Todas mis herramientas son necesarias. Soy obsesivo con el control de mi malet\u00edn de trabajo. Nunca le falta nada y lo reciclo todo el tiempo.<\/p>\n\n\n\n<p class=\"has-text-color has-very-dark-gray-color\"><strong>\u00bfEn qu\u00e9 pa\u00edses encontr\u00f3 los profesionales m\u00e1s destacados por su creatividad y profesionalismo?<br><\/strong>La creatividad es italiana, el profesionalismo es franc\u00e9s y la base t\u00e9cnica perfecta es inglesa. Estas son mis bases educativas, pero la nutrici\u00f3n del conocimiento est\u00e1 en las manos y mentes de todos los profesionales del mundo. \u201cDe cada maestro hay un detalle nuevo y valorable\u201d.<\/p>\n\n\n\n<p class=\"has-text-color has-very-dark-gray-color\"><strong>\u00bfC\u00f3mo es el cliente m\u00e1s dif\u00edcil? \u00bfY el m\u00e1s f\u00e1cil?<br><\/strong>El cliente m\u00e1s dif\u00edcil es aquel que no sabe lo que quiere y necesita un culpable por su falta de autoestima y seguridad. El desaf\u00edo es revertir ese sentir. El m\u00e1s f\u00e1cil es el que te elige y te deja hacer confiando totalmente, pero no es de un d\u00eda para el otro. La entrega y la fidelidad se gana con el tiempo y la calidad de un servicio serio y responsable.<\/p>\n\n\n\n<figure class=\"wp-block-gallery columns-2 is-cropped wp-block-gallery-3 is-layout-flex wp-block-gallery-is-layout-flex\"><ul class=\"blocks-gallery-grid\"><li class=\"blocks-gallery-item\"><figure><img  loading=\"lazy\"  decoding=\"async\"  width=\"640\"  height=\"1316\"  src=\"data:image\/png;base64,iVBORw0KGgoAAAANSUhEUgAAAAEAAAABAQMAAAAl21bKAAAAA1BMVEUAAP+KeNJXAAAAAXRSTlMAQObYZgAAAAlwSFlzAAAOxAAADsQBlSsOGwAAAApJREFUCNdjYAAAAAIAAeIhvDMAAAAASUVORK5CYII=\"  alt=\"\"  data-id=\"3813\"  data-full-url=\"https:\/\/www.magazineimagentotal.cl\/sitio\/wp-content\/uploads\/2020\/10\/BRUNO-SALAS-11.jpeg\"  data-link=\"https:\/\/www.magazineimagentotal.cl\/sitio\/?attachment_id=3813\"  class=\"wp-image-3813 pk-lazyload\"  data-pk-sizes=\"auto\"  data-ls-sizes=\"auto, (max-width: 640px) 100vw, 640px\"  data-pk-src=\"https:\/\/www.magazineimagentotal.cl\/sitio\/wp-content\/uploads\/2020\/10\/BRUNO-SALAS-11.jpeg\"  data-pk-srcset=\"https:\/\/www.magazineimagentotal.cl\/sitio\/wp-content\/uploads\/2020\/10\/BRUNO-SALAS-11.jpeg 640w, https:\/\/www.magazineimagentotal.cl\/sitio\/wp-content\/uploads\/2020\/10\/BRUNO-SALAS-11-120x247.jpeg 120w, https:\/\/www.magazineimagentotal.cl\/sitio\/wp-content\/uploads\/2020\/10\/BRUNO-SALAS-11-90x185.jpeg 90w, https:\/\/www.magazineimagentotal.cl\/sitio\/wp-content\/uploads\/2020\/10\/BRUNO-SALAS-11-320x658.jpeg 320w, https:\/\/www.magazineimagentotal.cl\/sitio\/wp-content\/uploads\/2020\/10\/BRUNO-SALAS-11-560x1152.jpeg 560w\" ><\/figure><\/li><li class=\"blocks-gallery-item\"><figure><img  loading=\"lazy\"  decoding=\"async\"  width=\"720\"  height=\"1280\"  src=\"data:image\/png;base64,iVBORw0KGgoAAAANSUhEUgAAAAEAAAABAQMAAAAl21bKAAAAA1BMVEUAAP+KeNJXAAAAAXRSTlMAQObYZgAAAAlwSFlzAAAOxAAADsQBlSsOGwAAAApJREFUCNdjYAAAAAIAAeIhvDMAAAAASUVORK5CYII=\"  alt=\"\"  data-id=\"3814\"  data-full-url=\"https:\/\/www.magazineimagentotal.cl\/sitio\/wp-content\/uploads\/2020\/10\/BRUNO-SALAS-13.jpeg\"  data-link=\"https:\/\/www.magazineimagentotal.cl\/sitio\/?attachment_id=3814\"  class=\"wp-image-3814 pk-lazyload\"  data-pk-sizes=\"auto\"  data-ls-sizes=\"auto, (max-width: 720px) 100vw, 720px\"  data-pk-src=\"https:\/\/www.magazineimagentotal.cl\/sitio\/wp-content\/uploads\/2020\/10\/BRUNO-SALAS-13.jpeg\"  data-pk-srcset=\"https:\/\/www.magazineimagentotal.cl\/sitio\/wp-content\/uploads\/2020\/10\/BRUNO-SALAS-13.jpeg 720w, https:\/\/www.magazineimagentotal.cl\/sitio\/wp-content\/uploads\/2020\/10\/BRUNO-SALAS-13-120x213.jpeg 120w, https:\/\/www.magazineimagentotal.cl\/sitio\/wp-content\/uploads\/2020\/10\/BRUNO-SALAS-13-90x160.jpeg 90w, https:\/\/www.magazineimagentotal.cl\/sitio\/wp-content\/uploads\/2020\/10\/BRUNO-SALAS-13-320x569.jpeg 320w, https:\/\/www.magazineimagentotal.cl\/sitio\/wp-content\/uploads\/2020\/10\/BRUNO-SALAS-13-560x996.jpeg 560w\" ><\/figure><\/li><\/ul><\/figure>\n\n\n\n<p class=\"has-text-color has-very-dark-gray-color\"><strong>\u00bfCu\u00e1les son los servicios m\u00e1s solicitados?<br><\/strong>Los servicios m\u00e1s solicitados var\u00edan a trav\u00e9s de las d\u00e9cadas: en los \u030150- \u030160 eran las decoloraciones y claritos, en los \u030170- \u030180 eran las permanentaciones, en los \u030190-2000 eran las mechas, reflejos y planchita, entre el 2010 y 2020 son los alisados, balayage y desgastes. Hoy, la demanda es una combinaci\u00f3n de todo porque \u00e9l\/la cliente elige un estilo personalizado neg\u00e1ndose al uniforme social como en otras \u00e9pocas, pero la salud y belleza es prioridad. Nadie quiere un cabello saturado, sin vida. Por este motivo, el servicio m\u00e1s pedido es cualquier tratamiento capilar de cuidados sumados a la elecci\u00f3n de su look.<\/p>\n\n\n\n<p class=\"has-text-color has-very-dark-gray-color\"><strong>Ense\u00f1anza presencial versus ense\u00f1anza virtual. Ventajas y desventajas.<br><\/strong>La docencia presencial es la que realmente ense\u00f1a y corrige defectos t\u00e9cnicos, dej\u00e1ndonos visualizar los resultados tanto positivos como los que no debemos hacer. Para m\u00ed, la virtualidad nos posibilita s\u00f3lo demostrar a trav\u00e9s de la imagen, incentiva, da muchas ganas de hacer, pero no podemos ver c\u00f3mo se hace. Enriquece lo te\u00f3rico siempre y cuando prestemos atenci\u00f3n y memoricemos. Es como estudiar de un libro, sino lo leemos no nos sirve. Es la combinaci\u00f3n de ambas lo ideal: \u201cpresencial\u201d para ver el resultado y lo \u201cvirtual\u201d para alimentar la intelectualidad y el conocimiento.<\/p>\n\n\n\n<div class=\"wp-block-image\"><figure class=\"aligncenter size-large\"><img  loading=\"lazy\"  decoding=\"async\"  width=\"1160\"  height=\"548\"  src=\"data:image\/png;base64,iVBORw0KGgoAAAANSUhEUgAABIgAAAIkAQMAAABP7IIvAAAAA1BMVEUAAP+KeNJXAAAAAXRSTlMAQObYZgAAAAlwSFlzAAAOxAAADsQBlSsOGwAAAGRJREFUeNrtwYEAAAAAw6D5U5\/gBlUBAAAAAAAAAAAAAAAAAAAAAAAAAAAAAAAAAAAAAAAAAAAAAAAAAAAAAAAAAAAAAAAAAAAAAAAAAAAAAAAAAAAAAAAAAAAAAAAAAAAAAMA3OJcAAfVV\/4AAAAAASUVORK5CYII=\"  alt=\"\"  class=\"wp-image-3815 pk-lazyload\"  data-pk-sizes=\"auto\"  data-ls-sizes=\"auto, (max-width: 1160px) 100vw, 1160px\"  data-pk-src=\"https:\/\/www.magazineimagentotal.cl\/sitio\/wp-content\/uploads\/2020\/10\/BRUNO-SALAS-4-1160x548.jpeg\"  data-pk-srcset=\"https:\/\/www.magazineimagentotal.cl\/sitio\/wp-content\/uploads\/2020\/10\/BRUNO-SALAS-4-1160x548.jpeg 1160w, https:\/\/www.magazineimagentotal.cl\/sitio\/wp-content\/uploads\/2020\/10\/BRUNO-SALAS-4-800x378.jpeg 800w, https:\/\/www.magazineimagentotal.cl\/sitio\/wp-content\/uploads\/2020\/10\/BRUNO-SALAS-4-120x57.jpeg 120w, https:\/\/www.magazineimagentotal.cl\/sitio\/wp-content\/uploads\/2020\/10\/BRUNO-SALAS-4-90x43.jpeg 90w, https:\/\/www.magazineimagentotal.cl\/sitio\/wp-content\/uploads\/2020\/10\/BRUNO-SALAS-4-320x151.jpeg 320w, https:\/\/www.magazineimagentotal.cl\/sitio\/wp-content\/uploads\/2020\/10\/BRUNO-SALAS-4-560x265.jpeg 560w, https:\/\/www.magazineimagentotal.cl\/sitio\/wp-content\/uploads\/2020\/10\/BRUNO-SALAS-4.jpeg 1280w\" ><\/figure><\/div>\n\n\n\n<p class=\"has-text-color has-very-dark-gray-color\"><strong>\u00bfQu\u00e9 le gusta ense\u00f1ar a sus alumnos?<br><\/strong>Yo, en lo personal, no ense\u00f1o, solo comparto mi conocimiento aprendido y muestro todo lo que me ha dado resultado art\u00edstico y comercial en mis a\u00f1os de trabajo y lo plasmo sin secretos.<\/p>\n\n\n\n<p class=\"has-text-color has-very-dark-gray-color\"><strong>Hace poco tiempo, Buenos Aires retom\u00f3 las actividades despu\u00e9s de bastante tiempo a causa del Covid-19. \u00bfC\u00f3mo se prepar\u00f3 para esta situaci\u00f3n? \u00bfQu\u00e9 medidas tomaron en el sal\u00f3n con los empleados y los clientes?<\/strong><br>Fundamentalmente abr\u00ed las puertas de mi sal\u00f3n despu\u00e9s de cinco meses inactivo, con mucha higiene, distanciamiento social, turnos espaciados y, en principio, con la mitad del equipo.<br>A los colaboradores con domicilio cercano los trasladamos en veh\u00edculos privados y el resto permaneci\u00f3 en sus hogares en cuarentena, incorpor\u00e1ndose poco a poco con posibilidades de transporte seguro.<br>En mi caso, tengo un sal\u00f3n con espacios amplios, que me permiti\u00f3 trabajar sin complicaciones. Adem\u00e1s de ser propietario y haber tenido una conducta financiera a lo largo del tiempo. Todo esto me permiti\u00f3 afrontar esta tremenda situaci\u00f3n, que a un gran porcentaje del rubro los ha perjudicado much\u00edsimo. Estamos todos en esta situaci\u00f3n de empat\u00eda y solidaridad para con el otro.<\/p>\n\n\n\n<p class=\"has-text-color has-very-dark-gray-color\"><strong>\u00bfQu\u00e9 le comentan sus clientes a su regreso a la peluquer\u00eda?<br><\/strong>Lo m\u00e1s rescatable de mis clientes es la fidelidad y el alto grado de colaboraci\u00f3n en esta nueva modalidad. Fue asombroso, emocionante y muy divertido ver en las condiciones en que llegaban al sal\u00f3n y muy reconfortante el encuentro y el valor que nos manifestaban al vernos.<\/p>\n\n\n\n<div class=\"wp-block-image\"><figure class=\"aligncenter size-large is-resized\"><img  loading=\"lazy\"  decoding=\"async\"  src=\"data:image\/png;base64,iVBORw0KGgoAAAANSUhEUgAAAAEAAAABAQMAAAAl21bKAAAAA1BMVEUAAP+KeNJXAAAAAXRSTlMAQObYZgAAAAlwSFlzAAAOxAAADsQBlSsOGwAAAApJREFUCNdjYAAAAAIAAeIhvDMAAAAASUVORK5CYII=\"  alt=\"\"  class=\"wp-image-3816 pk-lazyload\"  width=\"559\"  height=\"314\"  data-pk-sizes=\"auto\"  data-ls-sizes=\"auto, (max-width: 559px) 100vw, 559px\"  data-pk-src=\"https:\/\/www.magazineimagentotal.cl\/sitio\/wp-content\/uploads\/2020\/10\/BRUNO-SALAS-7.jpeg\"  data-pk-srcset=\"https:\/\/www.magazineimagentotal.cl\/sitio\/wp-content\/uploads\/2020\/10\/BRUNO-SALAS-7.jpeg 1032w, https:\/\/www.magazineimagentotal.cl\/sitio\/wp-content\/uploads\/2020\/10\/BRUNO-SALAS-7-800x450.jpeg 800w, https:\/\/www.magazineimagentotal.cl\/sitio\/wp-content\/uploads\/2020\/10\/BRUNO-SALAS-7-120x68.jpeg 120w, https:\/\/www.magazineimagentotal.cl\/sitio\/wp-content\/uploads\/2020\/10\/BRUNO-SALAS-7-90x51.jpeg 90w, https:\/\/www.magazineimagentotal.cl\/sitio\/wp-content\/uploads\/2020\/10\/BRUNO-SALAS-7-320x180.jpeg 320w, https:\/\/www.magazineimagentotal.cl\/sitio\/wp-content\/uploads\/2020\/10\/BRUNO-SALAS-7-560x315.jpeg 560w\" ><\/figure><\/div>\n\n\n\n<p class=\"has-text-color has-very-dark-gray-color\"><strong>\u00bfCu\u00e1l es su colecci\u00f3n favorita? \u00bfPor qu\u00e9?<br><\/strong>Todas y cada una de ellas porque cada una tuvo una inspiraci\u00f3n \u00fanica.<\/p>\n\n\n\n<p class=\"has-text-color has-very-dark-gray-color\"><strong>\u00bfEn qu\u00e9 se inspira a la hora de crearlas?<br><\/strong>Me inspiro en mi actualidad, en mi fantas\u00eda, en mis sue\u00f1os y siempre en un mensaje a favor de una causa.<\/p>\n\n\n\n<p class=\"has-text-color has-very-dark-gray-color\"><strong>\u00bfCu\u00e1l es su meta? \u00bfHasta d\u00f3nde le gustar\u00eda llegar?<br><\/strong>No tengo metas. Las que tuve las cumpl\u00ed. Me gust\u00f3 llegar hasta aqu\u00ed, solo espero que la vida me sorprenda con mi destino que seguramente est\u00e1 escrito.<\/p>\n\n\n\n<p class=\"has-text-color has-very-dark-gray-color\"><strong>Tendencias para la nueva temporada.<br><\/strong>No creo en las tendencias porque generan un uniforme social que no me gusta. Voy m\u00e1s por la individualidad est\u00e9tica por elecci\u00f3n.<br>Hoy en d\u00eda \u201ctodo vale\u201d y \u201clo importante es c\u00f3mo se lleva m\u00e1s que la moda en s\u00ed misma\u201d.<\/p>\n\n\n\n<p class=\"has-text-color has-very-dark-gray-color\"><strong>\u00bfQu\u00e9 le dir\u00eda al Bruno de 10 a\u00f1os si lo tuviera en frente?<br><\/strong>Le dir\u00eda: \u201cBrunito querido, \u00a1segu\u00ed as\u00ed, vas por buen camino!\u201d Y: \u201cgracias por estar dentro m\u00edo siempre\u201d.<\/p>\n\n\n\n<figure class=\"wp-block-gallery columns-2 is-cropped wp-block-gallery-4 is-layout-flex wp-block-gallery-is-layout-flex\"><ul class=\"blocks-gallery-grid\"><li class=\"blocks-gallery-item\"><figure><img  loading=\"lazy\"  decoding=\"async\"  width=\"1160\"  height=\"870\"  src=\"data:image\/png;base64,iVBORw0KGgoAAAANSUhEUgAAAAEAAAABAQMAAAAl21bKAAAAA1BMVEUAAP+KeNJXAAAAAXRSTlMAQObYZgAAAAlwSFlzAAAOxAAADsQBlSsOGwAAAApJREFUCNdjYAAAAAIAAeIhvDMAAAAASUVORK5CYII=\"  alt=\"\"  data-id=\"3817\"  data-full-url=\"https:\/\/www.magazineimagentotal.cl\/sitio\/wp-content\/uploads\/2020\/10\/BRUNO-SALAS-3.jpeg\"  data-link=\"https:\/\/www.magazineimagentotal.cl\/sitio\/?attachment_id=3817\"  class=\"wp-image-3817 pk-lazyload\"  data-pk-sizes=\"auto\"  data-ls-sizes=\"auto, (max-width: 1160px) 100vw, 1160px\"  data-pk-src=\"https:\/\/www.magazineimagentotal.cl\/sitio\/wp-content\/uploads\/2020\/10\/BRUNO-SALAS-3-1160x870.jpeg\"  data-pk-srcset=\"https:\/\/www.magazineimagentotal.cl\/sitio\/wp-content\/uploads\/2020\/10\/BRUNO-SALAS-3-1160x870.jpeg 1160w, https:\/\/www.magazineimagentotal.cl\/sitio\/wp-content\/uploads\/2020\/10\/BRUNO-SALAS-3-800x600.jpeg 800w, https:\/\/www.magazineimagentotal.cl\/sitio\/wp-content\/uploads\/2020\/10\/BRUNO-SALAS-3-320x240.jpeg 320w, https:\/\/www.magazineimagentotal.cl\/sitio\/wp-content\/uploads\/2020\/10\/BRUNO-SALAS-3-300x225.jpeg 300w, https:\/\/www.magazineimagentotal.cl\/sitio\/wp-content\/uploads\/2020\/10\/BRUNO-SALAS-3-120x90.jpeg 120w, https:\/\/www.magazineimagentotal.cl\/sitio\/wp-content\/uploads\/2020\/10\/BRUNO-SALAS-3-90x68.jpeg 90w, https:\/\/www.magazineimagentotal.cl\/sitio\/wp-content\/uploads\/2020\/10\/BRUNO-SALAS-3-560x420.jpeg 560w, https:\/\/www.magazineimagentotal.cl\/sitio\/wp-content\/uploads\/2020\/10\/BRUNO-SALAS-3.jpeg 1280w\" ><\/figure><\/li><li class=\"blocks-gallery-item\"><figure><img  loading=\"lazy\"  decoding=\"async\"  width=\"817\"  height=\"1027\"  src=\"data:image\/png;base64,iVBORw0KGgoAAAANSUhEUgAAAAEAAAABAQMAAAAl21bKAAAAA1BMVEUAAP+KeNJXAAAAAXRSTlMAQObYZgAAAAlwSFlzAAAOxAAADsQBlSsOGwAAAApJREFUCNdjYAAAAAIAAeIhvDMAAAAASUVORK5CYII=\"  alt=\"\"  data-id=\"3818\"  data-full-url=\"https:\/\/www.magazineimagentotal.cl\/sitio\/wp-content\/uploads\/2020\/10\/BRUNO-SALAS-10.jpeg\"  data-link=\"https:\/\/www.magazineimagentotal.cl\/sitio\/?attachment_id=3818\"  class=\"wp-image-3818 pk-lazyload\"  data-pk-sizes=\"auto\"  data-ls-sizes=\"auto, (max-width: 817px) 100vw, 817px\"  data-pk-src=\"https:\/\/www.magazineimagentotal.cl\/sitio\/wp-content\/uploads\/2020\/10\/BRUNO-SALAS-10.jpeg\"  data-pk-srcset=\"https:\/\/www.magazineimagentotal.cl\/sitio\/wp-content\/uploads\/2020\/10\/BRUNO-SALAS-10.jpeg 817w, https:\/\/www.magazineimagentotal.cl\/sitio\/wp-content\/uploads\/2020\/10\/BRUNO-SALAS-10-800x1006.jpeg 800w, https:\/\/www.magazineimagentotal.cl\/sitio\/wp-content\/uploads\/2020\/10\/BRUNO-SALAS-10-120x151.jpeg 120w, https:\/\/www.magazineimagentotal.cl\/sitio\/wp-content\/uploads\/2020\/10\/BRUNO-SALAS-10-90x113.jpeg 90w, https:\/\/www.magazineimagentotal.cl\/sitio\/wp-content\/uploads\/2020\/10\/BRUNO-SALAS-10-320x402.jpeg 320w, https:\/\/www.magazineimagentotal.cl\/sitio\/wp-content\/uploads\/2020\/10\/BRUNO-SALAS-10-560x704.jpeg 560w\" ><\/figure><\/li><\/ul><\/figure>\n\n\n\n<p class=\"has-text-color has-very-dark-gray-color\"><strong>\u00bfAlguna an\u00e9cdota para contarnos?<br><\/strong>Mi vida est\u00e1 llena de an\u00e9cdotas. Atend\u00ed celebridades internacionales sin saber qui\u00e9nes eran y luego me enteraba por la prensa. No lo pod\u00eda creer. Recib\u00ed una distinci\u00f3n de la marca l\u00edder en el mundo \u201ca la trayectoria\u201d en la embajada de Francia, siendo embajador de la competencia.<br>Terminando mi show en Riccione, Italia, para el CACF como invitado, tres mil personas aplaudieron de pie. Luego, cuando estaba en mi camar\u00edn, vino a saludarme una eminencia de la peluquer\u00eda italiana, que tom\u00f3 mis manos y me compar\u00f3 con Aldo Coppola.<br>En la plenitud de mi carrera me contrataron para hacer un seminario-show: hotel 5 estrellas, modelos, luces, todo listo\u2026 Lleg\u00f3 la hora, pas\u00f3 la hora, pasaron dos horas y tres horas y no vino nadie. Fue por un productor improvisado, sin experiencia, pero al final lleg\u00f3 alguien: un fan que se enter\u00f3 por la madre de una de las modelos. Igual me pagaron y cumplieron con todos los requisitos. Fue frustrante. (R\u00ede) Y tengo muchas m\u00e1s an\u00e9cdotas para contarles\u2026<\/p>\n","protected":false},"excerpt":{"rendered":"<p>Bruno Salas es un estilista argentino con 48 a\u00f1os dedicados a la belleza y la moda. Miles de mujeres y hombres pasaron por sus expertas manos a lo largo de&hellip;<\/p>\n","protected":false},"author":3,"featured_media":3806,"comment_status":"open","ping_status":"open","sticky":false,"template":"","format":"standard","meta":{"footnotes":""},"categories":[7,8,11],"tags":[],"powerkit_post_featured":[],"class_list":{"0":"post-3805","1":"post","2":"type-post","3":"status-publish","4":"format-standard","5":"has-post-thumbnail","7":"category-actualidad-entrevistas","8":"category-entrevistas","9":"category-peluqueria-colecciones"},"_links":{"self":[{"href":"https:\/\/www.magazineimagentotal.cl\/sitio\/wp-json\/wp\/v2\/posts\/3805","targetHints":{"allow":["GET"]}}],"collection":[{"href":"https:\/\/www.magazineimagentotal.cl\/sitio\/wp-json\/wp\/v2\/posts"}],"about":[{"href":"https:\/\/www.magazineimagentotal.cl\/sitio\/wp-json\/wp\/v2\/types\/post"}],"author":[{"embeddable":true,"href":"https:\/\/www.magazineimagentotal.cl\/sitio\/wp-json\/wp\/v2\/users\/3"}],"replies":[{"embeddable":true,"href":"https:\/\/www.magazineimagentotal.cl\/sitio\/wp-json\/wp\/v2\/comments?post=3805"}],"version-history":[{"count":1,"href":"https:\/\/www.magazineimagentotal.cl\/sitio\/wp-json\/wp\/v2\/posts\/3805\/revisions"}],"predecessor-version":[{"id":3819,"href":"https:\/\/www.magazineimagentotal.cl\/sitio\/wp-json\/wp\/v2\/posts\/3805\/revisions\/3819"}],"wp:featuredmedia":[{"embeddable":true,"href":"https:\/\/www.magazineimagentotal.cl\/sitio\/wp-json\/wp\/v2\/media\/3806"}],"wp:attachment":[{"href":"https:\/\/www.magazineimagentotal.cl\/sitio\/wp-json\/wp\/v2\/media?parent=3805"}],"wp:term":[{"taxonomy":"category","embeddable":true,"href":"https:\/\/www.magazineimagentotal.cl\/sitio\/wp-json\/wp\/v2\/categories?post=3805"},{"taxonomy":"post_tag","embeddable":true,"href":"https:\/\/www.magazineimagentotal.cl\/sitio\/wp-json\/wp\/v2\/tags?post=3805"},{"taxonomy":"powerkit_post_featured","embeddable":true,"href":"https:\/\/www.magazineimagentotal.cl\/sitio\/wp-json\/wp\/v2\/powerkit_post_featured?post=3805"}],"curies":[{"name":"wp","href":"https:\/\/api.w.org\/{rel}","templated":true}]}}