{"id":5006,"date":"2021-02-17T02:34:18","date_gmt":"2021-02-17T05:34:18","guid":{"rendered":"https:\/\/www.magazineimagentotal.cl\/sitio\/?p=5006"},"modified":"2021-02-17T02:34:19","modified_gmt":"2021-02-17T05:34:19","slug":"entrevista-a-laura-betato-la-formacion-en-tiempos-de-covid","status":"publish","type":"post","link":"https:\/\/www.magazineimagentotal.cl\/sitio\/entrevista-a-laura-betato-la-formacion-en-tiempos-de-covid\/","title":{"rendered":"Entrevista a Laura Betato: \u201cLa formaci\u00f3n en tiempos de Covid\u201d"},"content":{"rendered":"\n<p class=\"has-black-color has-text-color\">Bhaus Barcelona se convirti\u00f3 en una de las compa\u00f1\u00edas formativas m\u00e1s demandadas de Espa\u00f1a. Con un lema sencillo y directo \u201cNo es arte, es t\u00e9cnica\u201d, tienen un objetivo claro: llevar la disciplina del corte a todo aquel que quiera crecer profesionalmente.<br>Ellos se definen como educadores, no artistas. Su programa formativo se basa en la evoluci\u00f3n. Los diferentes cursos que imparten est\u00e1n conectados entre s\u00ed, sin ser r\u00e9plicas los unos de los otros, al contrario, ofreciendo en cada uno de ellos, herramientas nuevas para poder llevar a los salones y aplicarlas.<br>Con este pasado 2020 convulso a causa de la pandemia, se enfrentan a un 2021 con la misma pasi\u00f3n que los caracteriza, teniendo ya casi todo el a\u00f1o cerrado. Este primer semestre lo encaran con 18 formaciones, todas ellas presenciales. Y es que, con todas las medidas de higiene y seguridad pertinentes, son la prueba viviente de que el mundo tiene que continuar, que tenemos que adaptarnos y que el alumno\/a peluquero\/a sigue estando \u00e1vido de conocimiento.<br>Hablamos con su fundadora, Laura Betato para conocer c\u00f3mo est\u00e1n viviendo esta nueva situaci\u00f3n y c\u00f3mo evoluciona la educaci\u00f3n.<\/p>\n\n\n\n<div class=\"wp-block-image\"><figure class=\"aligncenter size-large is-resized\"><img  loading=\"lazy\"  decoding=\"async\"  src=\"data:image\/png;base64,iVBORw0KGgoAAAANSUhEUgAAAAEAAAABAQMAAAAl21bKAAAAA1BMVEUAAP+KeNJXAAAAAXRSTlMAQObYZgAAAAlwSFlzAAAOxAAADsQBlSsOGwAAAApJREFUCNdjYAAAAAIAAeIhvDMAAAAASUVORK5CYII=\"  alt=\"\"  class=\"wp-image-5007 pk-lazyload\"  width=\"616\"  height=\"446\"  data-pk-sizes=\"auto\"  data-ls-sizes=\"auto, (max-width: 616px) 100vw, 616px\"  data-pk-src=\"https:\/\/www.magazineimagentotal.cl\/sitio\/wp-content\/uploads\/2021\/02\/IMG_1205-1160x842.jpg\"  data-pk-srcset=\"https:\/\/www.magazineimagentotal.cl\/sitio\/wp-content\/uploads\/2021\/02\/IMG_1205-1160x842.jpg 1160w, https:\/\/www.magazineimagentotal.cl\/sitio\/wp-content\/uploads\/2021\/02\/IMG_1205-800x581.jpg 800w, https:\/\/www.magazineimagentotal.cl\/sitio\/wp-content\/uploads\/2021\/02\/IMG_1205-120x87.jpg 120w, https:\/\/www.magazineimagentotal.cl\/sitio\/wp-content\/uploads\/2021\/02\/IMG_1205-90x65.jpg 90w, https:\/\/www.magazineimagentotal.cl\/sitio\/wp-content\/uploads\/2021\/02\/IMG_1205-320x232.jpg 320w, https:\/\/www.magazineimagentotal.cl\/sitio\/wp-content\/uploads\/2021\/02\/IMG_1205.jpg 1508w\" ><\/figure><\/div>\n\n\n\n<p class=\"has-black-color has-text-color\"><strong>Como formadores, \u00bfc\u00f3mo se sintieron con las nuevas medidas de seguridad impuestas al dar los cursos?<br><\/strong>Los peluqueros, en general, fuimos un ejemplo a seguir en cuanto al cumplimiento de las medidas de seguridad, tanto en los salones como en las formaciones. Asumimos la \u201cnueva normalidad\u201d para defender nuestros negocios y proyectos. Honestamente, todos los asistentes a nuestros seminarios conocen los protocolos a la perfecci\u00f3n, entre otras cosas, porque los aplican cada d\u00eda en sus salones.<\/p>\n\n\n\n<p class=\"has-black-color has-text-color\"><strong>\u00bfC\u00f3mo vari\u00f3 la relaci\u00f3n los alumnos?<br><\/strong>No ha variado en absoluto. Nuestros seminarios siempre fueron para grupos reducidos en espacios amplios y acondicionados para que nuestra propuesta educativa mantenga los est\u00e1ndares de calidad. La recepci\u00f3n por parte de nuestros clientes fue m\u00e1s c\u00e1lida (manteniendo la distancia) que nunca.<\/p>\n\n\n\n<p class=\"has-black-color has-text-color\"><strong>Ante esta nueva era formativa, \u00bfencontraron muchas dificultades?<br><\/strong>Principalmente para viajar, ya que la onda expansiva del Covid 19 tambi\u00e9n afecta a las aerol\u00edneas y estas tuvieron que reducir su oferta. Antes, viajar a Vigo era un momento, pero ahora se convierte en una odisea, \u00a1aunque siempre encontramos la manera de llegar a tiempo! Cenar o tomarte un caf\u00e9 cuando est\u00e1s fuera de casa es una \u201cmisi\u00f3n imposible\u201d, pero todas las empresas con las que trabajamos son conscientes de ello y nos facilitan la tarea. Muchos de ellos nos abrieron las puertas de su casa. Vivimos una \u00e9poca de incertidumbre\u2026<\/p>\n\n\n\n<figure class=\"wp-block-gallery aligncenter columns-2 is-cropped wp-block-gallery-1 is-layout-flex wp-block-gallery-is-layout-flex\"><ul class=\"blocks-gallery-grid\"><li class=\"blocks-gallery-item\"><figure><a href=\"https:\/\/www.magazineimagentotal.cl\/sitio\/wp-content\/uploads\/2021\/02\/IMG_2061.png\"><img  loading=\"lazy\"  decoding=\"async\"  width=\"332\"  height=\"717\"  src=\"data:image\/png;base64,iVBORw0KGgoAAAANSUhEUgAAAAEAAAABAQMAAAAl21bKAAAAA1BMVEUAAP+KeNJXAAAAAXRSTlMAQObYZgAAAAlwSFlzAAAOxAAADsQBlSsOGwAAAApJREFUCNdjYAAAAAIAAeIhvDMAAAAASUVORK5CYII=\"  alt=\"\"  data-id=\"5008\"  data-link=\"https:\/\/www.magazineimagentotal.cl\/sitio\/?attachment_id=5008\"  class=\"wp-image-5008 pk-lazyload\"  data-pk-sizes=\"auto\"  data-ls-sizes=\"auto, (max-width: 332px) 100vw, 332px\"  data-pk-src=\"https:\/\/www.magazineimagentotal.cl\/sitio\/wp-content\/uploads\/2021\/02\/IMG_2061.png\"  data-pk-srcset=\"https:\/\/www.magazineimagentotal.cl\/sitio\/wp-content\/uploads\/2021\/02\/IMG_2061.png 332w, https:\/\/www.magazineimagentotal.cl\/sitio\/wp-content\/uploads\/2021\/02\/IMG_2061-120x259.png 120w, https:\/\/www.magazineimagentotal.cl\/sitio\/wp-content\/uploads\/2021\/02\/IMG_2061-90x194.png 90w, https:\/\/www.magazineimagentotal.cl\/sitio\/wp-content\/uploads\/2021\/02\/IMG_2061-320x691.png 320w\" ><\/a><\/figure><\/li><li class=\"blocks-gallery-item\"><figure><a href=\"https:\/\/www.magazineimagentotal.cl\/sitio\/wp-content\/uploads\/2021\/02\/IMG_2062.png\"><img  loading=\"lazy\"  decoding=\"async\"  width=\"332\"  height=\"717\"  src=\"data:image\/png;base64,iVBORw0KGgoAAAANSUhEUgAAAAEAAAABAQMAAAAl21bKAAAAA1BMVEUAAP+KeNJXAAAAAXRSTlMAQObYZgAAAAlwSFlzAAAOxAAADsQBlSsOGwAAAApJREFUCNdjYAAAAAIAAeIhvDMAAAAASUVORK5CYII=\"  alt=\"\"  data-id=\"5009\"  data-link=\"https:\/\/www.magazineimagentotal.cl\/sitio\/?attachment_id=5009\"  class=\"wp-image-5009 pk-lazyload\"  data-pk-sizes=\"auto\"  data-ls-sizes=\"auto, (max-width: 332px) 100vw, 332px\"  data-pk-src=\"https:\/\/www.magazineimagentotal.cl\/sitio\/wp-content\/uploads\/2021\/02\/IMG_2062.png\"  data-pk-srcset=\"https:\/\/www.magazineimagentotal.cl\/sitio\/wp-content\/uploads\/2021\/02\/IMG_2062.png 332w, https:\/\/www.magazineimagentotal.cl\/sitio\/wp-content\/uploads\/2021\/02\/IMG_2062-120x259.png 120w, https:\/\/www.magazineimagentotal.cl\/sitio\/wp-content\/uploads\/2021\/02\/IMG_2062-90x194.png 90w, https:\/\/www.magazineimagentotal.cl\/sitio\/wp-content\/uploads\/2021\/02\/IMG_2062-320x691.png 320w\" ><\/a><\/figure><\/li><\/ul><\/figure>\n\n\n\n<p class=\"has-black-color has-text-color\"><strong>\u00bfPor qu\u00e9 es necesario que le peluquero se siga formando? \u00bfNotan a los alumnos \u00e1vidos de aprendizaje?<br><\/strong>La incertidumbre jam\u00e1s deber\u00eda anular las ganas de aprender. Ser prudente es razonable, quedarse inm\u00f3vil es peligroso para cualquier profesional que quiera prosperar. Un s\u00ed rotundo. Todos estamos deseosos por sentir que tomamos las riendas de nuestra vida para poder hacer, en el m\u00e1s amplio sentido de la palabra, lo que \u201ctengamos ganas\u201d sin restricciones ni toques de queda.<\/p>\n\n\n\n<p class=\"has-black-color has-text-color\"><strong>\u00bfQu\u00e9 beneficios obtienen los alumnos una vez que pasaron por su programa de formaci\u00f3n?<br><\/strong>Ser\u00eda m\u00e1s sensato que ellos respondieran a eso, pero es cierto que uno de nuestros pilares es compartir con otros profesionales el porqu\u00e9 de cada uno de los procesos t\u00e9cnicos. Cuando comprendes detalles como, por ejemplo, de qu\u00e9 forma se comporta la estructura craneal, la tensi\u00f3n que debes ejercer al proyectar el cabello o cu\u00e1l es tu posici\u00f3n corporal correcta frente al corte, entiendes que la precisi\u00f3n es comprensi\u00f3n y entrenamiento, as\u00ed que inmediatamente logras algo incre\u00edble y que jam\u00e1s nadie te puede arrebatar, la confianza en ti mismo.<\/p>\n\n\n\n<div class=\"wp-block-image\"><figure class=\"aligncenter size-large is-resized\"><img  loading=\"lazy\"  decoding=\"async\"  src=\"data:image\/png;base64,iVBORw0KGgoAAAANSUhEUgAAAAEAAAABAQMAAAAl21bKAAAAA1BMVEUAAP+KeNJXAAAAAXRSTlMAQObYZgAAAAlwSFlzAAAOxAAADsQBlSsOGwAAAApJREFUCNdjYAAAAAIAAeIhvDMAAAAASUVORK5CYII=\"  alt=\"\"  class=\"wp-image-5014 pk-lazyload\"  width=\"451\"  height=\"473\"  data-pk-sizes=\"auto\"  data-ls-sizes=\"auto, (max-width: 451px) 100vw, 451px\"  data-pk-src=\"https:\/\/www.magazineimagentotal.cl\/sitio\/wp-content\/uploads\/2021\/02\/IMG_5856-1.jpg\"  data-pk-srcset=\"https:\/\/www.magazineimagentotal.cl\/sitio\/wp-content\/uploads\/2021\/02\/IMG_5856-1.jpg 782w, https:\/\/www.magazineimagentotal.cl\/sitio\/wp-content\/uploads\/2021\/02\/IMG_5856-1-120x126.jpg 120w, https:\/\/www.magazineimagentotal.cl\/sitio\/wp-content\/uploads\/2021\/02\/IMG_5856-1-90x94.jpg 90w, https:\/\/www.magazineimagentotal.cl\/sitio\/wp-content\/uploads\/2021\/02\/IMG_5856-1-320x336.jpg 320w, https:\/\/www.magazineimagentotal.cl\/sitio\/wp-content\/uploads\/2021\/02\/IMG_5856-1-560x587.jpg 560w\" ><\/figure><\/div>\n\n\n\n<p class=\"has-black-color has-text-color\"><strong>\u00bfPor qu\u00e9 se deben elegir la educaci\u00f3n de ustedes?<br><\/strong>Creo que los profesionales que acuden a nuestras formaciones tienen muy en claro lo que ofrecemos como compa\u00f1\u00eda educativa: t\u00e9cnica, disciplina y comprensi\u00f3n. Por ese motivo, cuando estamos compartiendo todo eso con ellos, se genera una atm\u00f3sfera muy particular donde la concentraci\u00f3n y el foco juegan un papel importante. Al terminar, todos son conscientes de que el corte de precisi\u00f3n no es solo una forma de cortar el cabello, es una manera de entender nuestra profesi\u00f3n.<\/p>\n\n\n\n<p class=\"has-black-color has-text-color\"><strong>\u00bfEl fen\u00f3meno on line est\u00e1 revolucionando la formaci\u00f3n? \u00bfVino para quedarse?<br><\/strong>M\u00e1s que una revoluci\u00f3n, fue una alternativa \u201cforzada\u201d, aunque \u00fatil, porque te permite acercar la educaci\u00f3n a m\u00e1s profesionales. En este momento, desplazarte a otro pa\u00eds es inviable, pero parece que existe un af\u00e1n por sustituirla por la presencial y eso es t\u00e9cnicamente imposible. De entrada, porque no puedes hacer correcciones f\u00edsicamente y la conexi\u00f3n con los asistentes est\u00e1 a a\u00f1os luz y porque la interacci\u00f3n es mucho m\u00e1s compleja y distante. Aventurar algo en estos momentos es tremendamente osado, b\u00e1sicamente porque todo lo que estamos viviendo es una mezcla de improvisaci\u00f3n a la que nos tenemos que adaptar con calzador, pero creo que con el paso del tiempo terminar\u00e1 consolid\u00e1ndose (espero que con medios m\u00e1s profesionales) para seguir conviviendo con la presencial.<\/p>\n\n\n\n<figure class=\"wp-block-gallery columns-2 is-cropped wp-block-gallery-2 is-layout-flex wp-block-gallery-is-layout-flex\"><ul class=\"blocks-gallery-grid\"><li class=\"blocks-gallery-item\"><figure><a href=\"https:\/\/www.magazineimagentotal.cl\/sitio\/wp-content\/uploads\/2021\/02\/IMG_1869-scaled.jpg\"><img  loading=\"lazy\"  decoding=\"async\"  width=\"1160\"  height=\"1023\"  src=\"data:image\/png;base64,iVBORw0KGgoAAAANSUhEUgAAAAEAAAABAQMAAAAl21bKAAAAA1BMVEUAAP+KeNJXAAAAAXRSTlMAQObYZgAAAAlwSFlzAAAOxAAADsQBlSsOGwAAAApJREFUCNdjYAAAAAIAAeIhvDMAAAAASUVORK5CYII=\"  alt=\"\"  data-id=\"5010\"  data-full-url=\"https:\/\/www.magazineimagentotal.cl\/sitio\/wp-content\/uploads\/2021\/02\/IMG_1869-scaled.jpg\"  data-link=\"https:\/\/www.magazineimagentotal.cl\/sitio\/?attachment_id=5010\"  class=\"wp-image-5010 pk-lazyload\"  data-pk-sizes=\"auto\"  data-ls-sizes=\"auto, (max-width: 1160px) 100vw, 1160px\"  data-pk-src=\"https:\/\/www.magazineimagentotal.cl\/sitio\/wp-content\/uploads\/2021\/02\/IMG_1869-1160x1023.jpg\"  data-pk-srcset=\"https:\/\/www.magazineimagentotal.cl\/sitio\/wp-content\/uploads\/2021\/02\/IMG_1869-1160x1023.jpg 1160w, https:\/\/www.magazineimagentotal.cl\/sitio\/wp-content\/uploads\/2021\/02\/IMG_1869-800x705.jpg 800w, https:\/\/www.magazineimagentotal.cl\/sitio\/wp-content\/uploads\/2021\/02\/IMG_1869-1536x1354.jpg 1536w, https:\/\/www.magazineimagentotal.cl\/sitio\/wp-content\/uploads\/2021\/02\/IMG_1869-2048x1805.jpg 2048w, https:\/\/www.magazineimagentotal.cl\/sitio\/wp-content\/uploads\/2021\/02\/IMG_1869-120x106.jpg 120w, https:\/\/www.magazineimagentotal.cl\/sitio\/wp-content\/uploads\/2021\/02\/IMG_1869-90x79.jpg 90w, https:\/\/www.magazineimagentotal.cl\/sitio\/wp-content\/uploads\/2021\/02\/IMG_1869-320x282.jpg 320w, https:\/\/www.magazineimagentotal.cl\/sitio\/wp-content\/uploads\/2021\/02\/IMG_1869-560x494.jpg 560w, https:\/\/www.magazineimagentotal.cl\/sitio\/wp-content\/uploads\/2021\/02\/IMG_1869-1920x1693.jpg 1920w, https:\/\/www.magazineimagentotal.cl\/sitio\/wp-content\/uploads\/2021\/02\/IMG_1869-scaled.jpg 2560w\" ><\/a><\/figure><\/li><li class=\"blocks-gallery-item\"><figure><a href=\"https:\/\/www.magazineimagentotal.cl\/sitio\/wp-content\/uploads\/2021\/02\/IMG_1920.jpg\"><img  loading=\"lazy\"  decoding=\"async\"  width=\"993\"  height=\"718\"  src=\"data:image\/png;base64,iVBORw0KGgoAAAANSUhEUgAAAAEAAAABAQMAAAAl21bKAAAAA1BMVEUAAP+KeNJXAAAAAXRSTlMAQObYZgAAAAlwSFlzAAAOxAAADsQBlSsOGwAAAApJREFUCNdjYAAAAAIAAeIhvDMAAAAASUVORK5CYII=\"  alt=\"\"  data-id=\"5011\"  data-full-url=\"https:\/\/www.magazineimagentotal.cl\/sitio\/wp-content\/uploads\/2021\/02\/IMG_1920.jpg\"  data-link=\"https:\/\/www.magazineimagentotal.cl\/sitio\/?attachment_id=5011\"  class=\"wp-image-5011 pk-lazyload\"  data-pk-sizes=\"auto\"  data-ls-sizes=\"auto, (max-width: 993px) 100vw, 993px\"  data-pk-src=\"https:\/\/www.magazineimagentotal.cl\/sitio\/wp-content\/uploads\/2021\/02\/IMG_1920.jpg\"  data-pk-srcset=\"https:\/\/www.magazineimagentotal.cl\/sitio\/wp-content\/uploads\/2021\/02\/IMG_1920.jpg 993w, https:\/\/www.magazineimagentotal.cl\/sitio\/wp-content\/uploads\/2021\/02\/IMG_1920-800x578.jpg 800w, https:\/\/www.magazineimagentotal.cl\/sitio\/wp-content\/uploads\/2021\/02\/IMG_1920-120x87.jpg 120w, https:\/\/www.magazineimagentotal.cl\/sitio\/wp-content\/uploads\/2021\/02\/IMG_1920-90x65.jpg 90w, https:\/\/www.magazineimagentotal.cl\/sitio\/wp-content\/uploads\/2021\/02\/IMG_1920-320x231.jpg 320w, https:\/\/www.magazineimagentotal.cl\/sitio\/wp-content\/uploads\/2021\/02\/IMG_1920-560x405.jpg 560w\" ><\/a><\/figure><\/li><\/ul><\/figure>\n\n\n\n<p class=\"has-black-color has-text-color\"><strong>\u00bfUn deseo para este a\u00f1o que acabamos de comenzar?<br><\/strong>Dicen que si cuentas un deseo entonces no se cumple, pero seguro que el m\u00edo es el mismo que tenemos todos.<\/p>\n\n\n\n<div class=\"wp-block-image\"><figure class=\"aligncenter size-large is-resized\"><img  loading=\"lazy\"  decoding=\"async\"  src=\"data:image\/png;base64,iVBORw0KGgoAAAANSUhEUgAAAAEAAAABAQMAAAAl21bKAAAAA1BMVEUAAP+KeNJXAAAAAXRSTlMAQObYZgAAAAlwSFlzAAAOxAAADsQBlSsOGwAAAApJREFUCNdjYAAAAAIAAeIhvDMAAAAASUVORK5CYII=\"  alt=\"\"  class=\"wp-image-5013 pk-lazyload\"  width=\"389\"  height=\"609\"  data-pk-sizes=\"auto\"  data-ls-sizes=\"auto, (max-width: 389px) 100vw, 389px\"  data-pk-src=\"https:\/\/www.magazineimagentotal.cl\/sitio\/wp-content\/uploads\/2021\/02\/IMG_5595.jpg\"  data-pk-srcset=\"https:\/\/www.magazineimagentotal.cl\/sitio\/wp-content\/uploads\/2021\/02\/IMG_5595.jpg 770w, https:\/\/www.magazineimagentotal.cl\/sitio\/wp-content\/uploads\/2021\/02\/IMG_5595-120x188.jpg 120w, https:\/\/www.magazineimagentotal.cl\/sitio\/wp-content\/uploads\/2021\/02\/IMG_5595-90x141.jpg 90w, https:\/\/www.magazineimagentotal.cl\/sitio\/wp-content\/uploads\/2021\/02\/IMG_5595-320x501.jpg 320w, https:\/\/www.magazineimagentotal.cl\/sitio\/wp-content\/uploads\/2021\/02\/IMG_5595-560x876.jpg 560w\" ><\/figure><\/div>\n","protected":false},"excerpt":{"rendered":"<p>Bhaus Barcelona se convirti\u00f3 en una de las compa\u00f1\u00edas formativas m\u00e1s demandadas de Espa\u00f1a. Con un lema sencillo y directo \u201cNo es arte, es t\u00e9cnica\u201d, tienen un objetivo claro: llevar&hellip;<\/p>\n","protected":false},"author":3,"featured_media":5015,"comment_status":"open","ping_status":"open","sticky":false,"template":"","format":"standard","meta":{"footnotes":""},"categories":[7,8,11],"tags":[],"powerkit_post_featured":[],"class_list":{"0":"post-5006","1":"post","2":"type-post","3":"status-publish","4":"format-standard","5":"has-post-thumbnail","7":"category-actualidad-entrevistas","8":"category-entrevistas","9":"category-peluqueria-colecciones"},"_links":{"self":[{"href":"https:\/\/www.magazineimagentotal.cl\/sitio\/wp-json\/wp\/v2\/posts\/5006","targetHints":{"allow":["GET"]}}],"collection":[{"href":"https:\/\/www.magazineimagentotal.cl\/sitio\/wp-json\/wp\/v2\/posts"}],"about":[{"href":"https:\/\/www.magazineimagentotal.cl\/sitio\/wp-json\/wp\/v2\/types\/post"}],"author":[{"embeddable":true,"href":"https:\/\/www.magazineimagentotal.cl\/sitio\/wp-json\/wp\/v2\/users\/3"}],"replies":[{"embeddable":true,"href":"https:\/\/www.magazineimagentotal.cl\/sitio\/wp-json\/wp\/v2\/comments?post=5006"}],"version-history":[{"count":1,"href":"https:\/\/www.magazineimagentotal.cl\/sitio\/wp-json\/wp\/v2\/posts\/5006\/revisions"}],"predecessor-version":[{"id":5016,"href":"https:\/\/www.magazineimagentotal.cl\/sitio\/wp-json\/wp\/v2\/posts\/5006\/revisions\/5016"}],"wp:featuredmedia":[{"embeddable":true,"href":"https:\/\/www.magazineimagentotal.cl\/sitio\/wp-json\/wp\/v2\/media\/5015"}],"wp:attachment":[{"href":"https:\/\/www.magazineimagentotal.cl\/sitio\/wp-json\/wp\/v2\/media?parent=5006"}],"wp:term":[{"taxonomy":"category","embeddable":true,"href":"https:\/\/www.magazineimagentotal.cl\/sitio\/wp-json\/wp\/v2\/categories?post=5006"},{"taxonomy":"post_tag","embeddable":true,"href":"https:\/\/www.magazineimagentotal.cl\/sitio\/wp-json\/wp\/v2\/tags?post=5006"},{"taxonomy":"powerkit_post_featured","embeddable":true,"href":"https:\/\/www.magazineimagentotal.cl\/sitio\/wp-json\/wp\/v2\/powerkit_post_featured?post=5006"}],"curies":[{"name":"wp","href":"https:\/\/api.w.org\/{rel}","templated":true}]}}