{"id":7659,"date":"2022-04-02T06:31:00","date_gmt":"2022-04-02T09:31:00","guid":{"rendered":"https:\/\/www.magazineimagentotal.cl\/sitio\/?p=7659"},"modified":"2022-04-02T00:42:16","modified_gmt":"2022-04-02T03:42:16","slug":"mas-alla-del-corte-y-el-color-que-decimos-con-las-texturas","status":"publish","type":"post","link":"https:\/\/www.magazineimagentotal.cl\/sitio\/mas-alla-del-corte-y-el-color-que-decimos-con-las-texturas\/","title":{"rendered":"M\u00e1s all\u00e1 del corte y el color, \u00bfqu\u00e9 decimos con las texturas?"},"content":{"rendered":"\n<p class=\"has-black-color has-text-color wp-block-paragraph\">Un mismo corte puede expresar cosas diferentes seg\u00fan el acabado que le demos. M\u00e1s desenfadado, sofisticado, creativo\u2026 La versatilidad comienza cuando jugamos con nuestra imagen y nos atrevemos a descubrir las posibilidades que cualquier longitud puede ofrecernos. Las tendencias tambi\u00e9n nos hablan de texturas que se mueven entre las muy trabajadas y las naturales. Todo es cuesti\u00f3n de elegir.<\/p>\n\n\n\n<figure class=\"wp-block-gallery columns-4 is-cropped wp-block-gallery-1 is-layout-flex wp-block-gallery-is-layout-flex\"><ul class=\"blocks-gallery-grid\"><li class=\"blocks-gallery-item\"><figure><a href=\"https:\/\/www.magazineimagentotal.cl\/sitio\/wp-content\/uploads\/2022\/04\/Adele.jpg\"><img  loading=\"lazy\"  decoding=\"async\"  width=\"628\"  height=\"627\"  src=\"data:image\/png;base64,iVBORw0KGgoAAAANSUhEUgAAAAEAAAABAQMAAAAl21bKAAAAA1BMVEUAAP+KeNJXAAAAAXRSTlMAQObYZgAAAAlwSFlzAAAOxAAADsQBlSsOGwAAAApJREFUCNdjYAAAAAIAAeIhvDMAAAAASUVORK5CYII=\"  alt=\"\"  data-id=\"7666\"  data-full-url=\"https:\/\/www.magazineimagentotal.cl\/sitio\/wp-content\/uploads\/2022\/04\/Adele.jpg\"  data-link=\"https:\/\/www.magazineimagentotal.cl\/sitio\/?attachment_id=7666\"  class=\"wp-image-7666 pk-lazyload\"  data-pk-sizes=\"auto\"  data-ls-sizes=\"auto, (max-width: 628px) 100vw, 628px\"  data-pk-src=\"https:\/\/www.magazineimagentotal.cl\/sitio\/wp-content\/uploads\/2022\/04\/Adele.jpg\"  data-pk-srcset=\"https:\/\/www.magazineimagentotal.cl\/sitio\/wp-content\/uploads\/2022\/04\/Adele.jpg 628w, https:\/\/www.magazineimagentotal.cl\/sitio\/wp-content\/uploads\/2022\/04\/Adele-80x80.jpg 80w, https:\/\/www.magazineimagentotal.cl\/sitio\/wp-content\/uploads\/2022\/04\/Adele-120x120.jpg 120w, https:\/\/www.magazineimagentotal.cl\/sitio\/wp-content\/uploads\/2022\/04\/Adele-90x90.jpg 90w, https:\/\/www.magazineimagentotal.cl\/sitio\/wp-content\/uploads\/2022\/04\/Adele-320x320.jpg 320w, https:\/\/www.magazineimagentotal.cl\/sitio\/wp-content\/uploads\/2022\/04\/Adele-560x560.jpg 560w\" ><\/a><\/figure><\/li><li class=\"blocks-gallery-item\"><figure><a href=\"https:\/\/www.magazineimagentotal.cl\/sitio\/wp-content\/uploads\/2022\/04\/Texturas.jpg\"><img  loading=\"lazy\"  decoding=\"async\"  width=\"1095\"  height=\"1642\"  src=\"data:image\/png;base64,iVBORw0KGgoAAAANSUhEUgAAAAEAAAABAQMAAAAl21bKAAAAA1BMVEUAAP+KeNJXAAAAAXRSTlMAQObYZgAAAAlwSFlzAAAOxAAADsQBlSsOGwAAAApJREFUCNdjYAAAAAIAAeIhvDMAAAAASUVORK5CYII=\"  alt=\"\"  data-id=\"7668\"  data-full-url=\"https:\/\/www.magazineimagentotal.cl\/sitio\/wp-content\/uploads\/2022\/04\/Texturas.jpg\"  data-link=\"https:\/\/www.magazineimagentotal.cl\/sitio\/?attachment_id=7668\"  class=\"wp-image-7668 pk-lazyload\"  data-pk-sizes=\"auto\"  data-ls-sizes=\"auto, (max-width: 1095px) 100vw, 1095px\"  data-pk-src=\"https:\/\/www.magazineimagentotal.cl\/sitio\/wp-content\/uploads\/2022\/04\/Texturas.jpg\"  data-pk-srcset=\"https:\/\/www.magazineimagentotal.cl\/sitio\/wp-content\/uploads\/2022\/04\/Texturas.jpg 1095w, https:\/\/www.magazineimagentotal.cl\/sitio\/wp-content\/uploads\/2022\/04\/Texturas-800x1200.jpg 800w, https:\/\/www.magazineimagentotal.cl\/sitio\/wp-content\/uploads\/2022\/04\/Texturas-1024x1536.jpg 1024w, https:\/\/www.magazineimagentotal.cl\/sitio\/wp-content\/uploads\/2022\/04\/Texturas-120x180.jpg 120w, https:\/\/www.magazineimagentotal.cl\/sitio\/wp-content\/uploads\/2022\/04\/Texturas-90x135.jpg 90w, https:\/\/www.magazineimagentotal.cl\/sitio\/wp-content\/uploads\/2022\/04\/Texturas-320x480.jpg 320w, https:\/\/www.magazineimagentotal.cl\/sitio\/wp-content\/uploads\/2022\/04\/Texturas-560x840.jpg 560w\" ><\/a><\/figure><\/li><li class=\"blocks-gallery-item\"><figure><a href=\"https:\/\/www.magazineimagentotal.cl\/sitio\/wp-content\/uploads\/2022\/04\/Jessica-Goicoechea2.jpg\"><img  loading=\"lazy\"  decoding=\"async\"  width=\"515\"  height=\"642\"  src=\"data:image\/png;base64,iVBORw0KGgoAAAANSUhEUgAAAAEAAAABAQMAAAAl21bKAAAAA1BMVEUAAP+KeNJXAAAAAXRSTlMAQObYZgAAAAlwSFlzAAAOxAAADsQBlSsOGwAAAApJREFUCNdjYAAAAAIAAeIhvDMAAAAASUVORK5CYII=\"  alt=\"\"  data-id=\"7669\"  data-full-url=\"https:\/\/www.magazineimagentotal.cl\/sitio\/wp-content\/uploads\/2022\/04\/Jessica-Goicoechea2.jpg\"  data-link=\"https:\/\/www.magazineimagentotal.cl\/sitio\/?attachment_id=7669\"  class=\"wp-image-7669 pk-lazyload\"  data-pk-sizes=\"auto\"  data-ls-sizes=\"auto, (max-width: 515px) 100vw, 515px\"  data-pk-src=\"https:\/\/www.magazineimagentotal.cl\/sitio\/wp-content\/uploads\/2022\/04\/Jessica-Goicoechea2.jpg\"  data-pk-srcset=\"https:\/\/www.magazineimagentotal.cl\/sitio\/wp-content\/uploads\/2022\/04\/Jessica-Goicoechea2.jpg 515w, https:\/\/www.magazineimagentotal.cl\/sitio\/wp-content\/uploads\/2022\/04\/Jessica-Goicoechea2-120x150.jpg 120w, https:\/\/www.magazineimagentotal.cl\/sitio\/wp-content\/uploads\/2022\/04\/Jessica-Goicoechea2-90x112.jpg 90w, https:\/\/www.magazineimagentotal.cl\/sitio\/wp-content\/uploads\/2022\/04\/Jessica-Goicoechea2-320x399.jpg 320w\" ><\/a><\/figure><\/li><li class=\"blocks-gallery-item\"><figure><a href=\"https:\/\/www.magazineimagentotal.cl\/sitio\/wp-content\/uploads\/2022\/04\/Jessica-Goicoechea1.jpg\"><img  loading=\"lazy\"  decoding=\"async\"  width=\"1080\"  height=\"1295\"  src=\"data:image\/png;base64,iVBORw0KGgoAAAANSUhEUgAAAAEAAAABAQMAAAAl21bKAAAAA1BMVEUAAP+KeNJXAAAAAXRSTlMAQObYZgAAAAlwSFlzAAAOxAAADsQBlSsOGwAAAApJREFUCNdjYAAAAAIAAeIhvDMAAAAASUVORK5CYII=\"  alt=\"\"  data-id=\"7670\"  data-full-url=\"https:\/\/www.magazineimagentotal.cl\/sitio\/wp-content\/uploads\/2022\/04\/Jessica-Goicoechea1.jpg\"  data-link=\"https:\/\/www.magazineimagentotal.cl\/sitio\/?attachment_id=7670\"  class=\"wp-image-7670 pk-lazyload\"  data-pk-sizes=\"auto\"  data-ls-sizes=\"auto, (max-width: 1080px) 100vw, 1080px\"  data-pk-src=\"https:\/\/www.magazineimagentotal.cl\/sitio\/wp-content\/uploads\/2022\/04\/Jessica-Goicoechea1.jpg\"  data-pk-srcset=\"https:\/\/www.magazineimagentotal.cl\/sitio\/wp-content\/uploads\/2022\/04\/Jessica-Goicoechea1.jpg 1080w, https:\/\/www.magazineimagentotal.cl\/sitio\/wp-content\/uploads\/2022\/04\/Jessica-Goicoechea1-800x959.jpg 800w, https:\/\/www.magazineimagentotal.cl\/sitio\/wp-content\/uploads\/2022\/04\/Jessica-Goicoechea1-120x144.jpg 120w, https:\/\/www.magazineimagentotal.cl\/sitio\/wp-content\/uploads\/2022\/04\/Jessica-Goicoechea1-90x108.jpg 90w, https:\/\/www.magazineimagentotal.cl\/sitio\/wp-content\/uploads\/2022\/04\/Jessica-Goicoechea1-320x384.jpg 320w, https:\/\/www.magazineimagentotal.cl\/sitio\/wp-content\/uploads\/2022\/04\/Jessica-Goicoechea1-560x671.jpg 560w\" ><\/a><\/figure><\/li><li class=\"blocks-gallery-item\"><figure><a href=\"https:\/\/www.magazineimagentotal.cl\/sitio\/wp-content\/uploads\/2022\/04\/Zendaya.jpg\"><img  loading=\"lazy\"  decoding=\"async\"  width=\"1080\"  height=\"909\"  src=\"data:image\/png;base64,iVBORw0KGgoAAAANSUhEUgAAAAEAAAABAQMAAAAl21bKAAAAA1BMVEUAAP+KeNJXAAAAAXRSTlMAQObYZgAAAAlwSFlzAAAOxAAADsQBlSsOGwAAAApJREFUCNdjYAAAAAIAAeIhvDMAAAAASUVORK5CYII=\"  alt=\"\"  data-id=\"7667\"  data-full-url=\"https:\/\/www.magazineimagentotal.cl\/sitio\/wp-content\/uploads\/2022\/04\/Zendaya.jpg\"  data-link=\"https:\/\/www.magazineimagentotal.cl\/sitio\/?attachment_id=7667\"  class=\"wp-image-7667 pk-lazyload\"  data-pk-sizes=\"auto\"  data-ls-sizes=\"auto, (max-width: 1080px) 100vw, 1080px\"  data-pk-src=\"https:\/\/www.magazineimagentotal.cl\/sitio\/wp-content\/uploads\/2022\/04\/Zendaya.jpg\"  data-pk-srcset=\"https:\/\/www.magazineimagentotal.cl\/sitio\/wp-content\/uploads\/2022\/04\/Zendaya.jpg 1080w, https:\/\/www.magazineimagentotal.cl\/sitio\/wp-content\/uploads\/2022\/04\/Zendaya-800x673.jpg 800w, https:\/\/www.magazineimagentotal.cl\/sitio\/wp-content\/uploads\/2022\/04\/Zendaya-120x101.jpg 120w, https:\/\/www.magazineimagentotal.cl\/sitio\/wp-content\/uploads\/2022\/04\/Zendaya-90x76.jpg 90w, https:\/\/www.magazineimagentotal.cl\/sitio\/wp-content\/uploads\/2022\/04\/Zendaya-320x269.jpg 320w, https:\/\/www.magazineimagentotal.cl\/sitio\/wp-content\/uploads\/2022\/04\/Zendaya-560x471.jpg 560w\" ><\/a><\/figure><\/li><li class=\"blocks-gallery-item\"><figure><a href=\"https:\/\/www.magazineimagentotal.cl\/sitio\/wp-content\/uploads\/2022\/04\/Chiara-Ferragni.jpg\"><img  loading=\"lazy\"  decoding=\"async\"  width=\"1080\"  height=\"1350\"  src=\"data:image\/png;base64,iVBORw0KGgoAAAANSUhEUgAAAAEAAAABAQMAAAAl21bKAAAAA1BMVEUAAP+KeNJXAAAAAXRSTlMAQObYZgAAAAlwSFlzAAAOxAAADsQBlSsOGwAAAApJREFUCNdjYAAAAAIAAeIhvDMAAAAASUVORK5CYII=\"  alt=\"\"  data-id=\"7671\"  data-full-url=\"https:\/\/www.magazineimagentotal.cl\/sitio\/wp-content\/uploads\/2022\/04\/Chiara-Ferragni.jpg\"  data-link=\"https:\/\/www.magazineimagentotal.cl\/sitio\/?attachment_id=7671\"  class=\"wp-image-7671 pk-lazyload\"  data-pk-sizes=\"auto\"  data-ls-sizes=\"auto, (max-width: 1080px) 100vw, 1080px\"  data-pk-src=\"https:\/\/www.magazineimagentotal.cl\/sitio\/wp-content\/uploads\/2022\/04\/Chiara-Ferragni.jpg\"  data-pk-srcset=\"https:\/\/www.magazineimagentotal.cl\/sitio\/wp-content\/uploads\/2022\/04\/Chiara-Ferragni.jpg 1080w, https:\/\/www.magazineimagentotal.cl\/sitio\/wp-content\/uploads\/2022\/04\/Chiara-Ferragni-800x1000.jpg 800w, https:\/\/www.magazineimagentotal.cl\/sitio\/wp-content\/uploads\/2022\/04\/Chiara-Ferragni-120x150.jpg 120w, https:\/\/www.magazineimagentotal.cl\/sitio\/wp-content\/uploads\/2022\/04\/Chiara-Ferragni-90x113.jpg 90w, https:\/\/www.magazineimagentotal.cl\/sitio\/wp-content\/uploads\/2022\/04\/Chiara-Ferragni-320x400.jpg 320w, https:\/\/www.magazineimagentotal.cl\/sitio\/wp-content\/uploads\/2022\/04\/Chiara-Ferragni-560x700.jpg 560w\" ><\/a><\/figure><\/li><\/ul><\/figure>\n\n\n\n<p class=\"has-black-color has-text-color wp-block-paragraph\">Una de las propuestas que m\u00e1s fuerza toma es el respeto a las texturas naturales que se traduce en enfatizar las caracter\u00edsticas de nuestra melena. As\u00ed, los rizos trascienden las tendencias y se muestran m\u00e1s irreverentes que nunca. \u201cEl m\u00e9todo curly ha venido a reivindicar los rizos y es mucho m\u00e1s que una moda. Se trata de dar valor a una textura que cuenta con unas caracter\u00edsticas propias. La vemos exaltada en cortes como bobs redondos, shaggys con flequillos, melenas a los \u00b490 con toda la fuerza que pueden expresar. Se trata de mostrar la esencia de cada uno con cierto descaro\u201d, asegura Mar\u00eda Jos\u00e9 Llata de Peluquer\u00eda Llata Carrera.<br>Otra de las tendencias del momento es el volumen. Nos inspiran diferentes d\u00e9cadas, la de los \u00b460 y los \u00b490, aunque en ambos casos el resultado es sorprendente. Nos atraen los acabados un poco excesivos, aunque siempre adaptado a la personalidad de cada uno. \u201cLos cardados, las ra\u00edces con mucho volumen nos llevan a melenas y recogidos un tanto desmesurados, al menos en comparaci\u00f3n con lo que est\u00e1bamos llevando. El cabello se despega de la cabeza para mostrar todo su poder. Para ello recuperamos los trabajos con cepillo y secador y los rulos\u201d, afirma Ziortza Zarauza de Centro Beta (Donostia).<br>Aquellas melenas lacias tambi\u00e9n est\u00e1n de enhorabuena. La moda pretende ser inclusiva y tiene tendencias para cada una de las propuestas que lanza. Los looks minimalistas con cortes sencillos tienen mucha fuerza. \u201cLas texturas lisas crean l\u00edneas sencillas que tambi\u00e9n son muy interesantes. Las melenas que se parten por la mitad, los desfilados hacia el rostro tal y como hac\u00edamos en los \u00b490, incluso el efecto planchado es una de las tendencias que vamos a llevar este a\u00f1o\u201d, sugiere Jose Urrutia de Peluquer\u00eda Jose Urrutia.<br>La fantas\u00eda tambi\u00e9n tiene lugar. Si, por un lado, abrazamos las melenas naturales, tambi\u00e9n nos gusta investigar y mostrar otras posibilidades que nos ofrece nuestro look. El efecto zigzag y el h\u00famedo son solo algunas ideas. \u201cCon el efecto wet conseguimos transformar totalmente nuestro corte, ya sea corto o largo. Es ideal para momentos con cierta sofisticaci\u00f3n, aunque sean de d\u00eda. Tambi\u00e9n las ondas zigzag que se escapan de la naturalidad y expresan mucha energ\u00eda. Para las m\u00e1s atrevidas, las trenzas africanas est\u00e1n en auge\u201d, a\u00f1ade Anna Barroca de Anna Barroca Perruquers.<\/p>\n","protected":false},"excerpt":{"rendered":"<p>Un mismo corte puede expresar cosas diferentes seg\u00fan el acabado que le demos. M\u00e1s desenfadado, sofisticado, creativo\u2026 La versatilidad comienza cuando jugamos con nuestra imagen y nos atrevemos a descubrir&hellip;<\/p>\n","protected":false},"author":3,"featured_media":7665,"comment_status":"closed","ping_status":"closed","sticky":false,"template":"","format":"standard","meta":{"footnotes":""},"categories":[7,12,11],"tags":[],"powerkit_post_featured":[],"class_list":["post-7659","post","type-post","status-publish","format-standard","has-post-thumbnail","category-actualidad-entrevistas","category-noticias","category-peluqueria-colecciones"],"_links":{"self":[{"href":"https:\/\/www.magazineimagentotal.cl\/sitio\/wp-json\/wp\/v2\/posts\/7659","targetHints":{"allow":["GET"]}}],"collection":[{"href":"https:\/\/www.magazineimagentotal.cl\/sitio\/wp-json\/wp\/v2\/posts"}],"about":[{"href":"https:\/\/www.magazineimagentotal.cl\/sitio\/wp-json\/wp\/v2\/types\/post"}],"author":[{"embeddable":true,"href":"https:\/\/www.magazineimagentotal.cl\/sitio\/wp-json\/wp\/v2\/users\/3"}],"replies":[{"embeddable":true,"href":"https:\/\/www.magazineimagentotal.cl\/sitio\/wp-json\/wp\/v2\/comments?post=7659"}],"version-history":[{"count":1,"href":"https:\/\/www.magazineimagentotal.cl\/sitio\/wp-json\/wp\/v2\/posts\/7659\/revisions"}],"predecessor-version":[{"id":7672,"href":"https:\/\/www.magazineimagentotal.cl\/sitio\/wp-json\/wp\/v2\/posts\/7659\/revisions\/7672"}],"wp:featuredmedia":[{"embeddable":true,"href":"https:\/\/www.magazineimagentotal.cl\/sitio\/wp-json\/wp\/v2\/media\/7665"}],"wp:attachment":[{"href":"https:\/\/www.magazineimagentotal.cl\/sitio\/wp-json\/wp\/v2\/media?parent=7659"}],"wp:term":[{"taxonomy":"category","embeddable":true,"href":"https:\/\/www.magazineimagentotal.cl\/sitio\/wp-json\/wp\/v2\/categories?post=7659"},{"taxonomy":"post_tag","embeddable":true,"href":"https:\/\/www.magazineimagentotal.cl\/sitio\/wp-json\/wp\/v2\/tags?post=7659"},{"taxonomy":"powerkit_post_featured","embeddable":true,"href":"https:\/\/www.magazineimagentotal.cl\/sitio\/wp-json\/wp\/v2\/powerkit_post_featured?post=7659"}],"curies":[{"name":"wp","href":"https:\/\/api.w.org\/{rel}","templated":true}]}}